{"id":13665,"date":"2020-11-12T13:30:00","date_gmt":"2020-11-12T13:30:00","guid":{"rendered":"https:\/\/www.magan.at\/?p=13665"},"modified":"2022-10-12T13:31:02","modified_gmt":"2022-10-12T13:31:02","slug":"dieses-jahr-2020-hatte-es-in-sich","status":"publish","type":"post","link":"https:\/\/www.magan.at\/en\/dieses-jahr-2020-hatte-es-in-sich\/","title":{"rendered":"Dieses Jahr 2020 hatte es in sich"},"content":{"rendered":"\n<p>Die weltweite Pandemie, Lockdown\/Lockup, der Wirtschaftseinbruch, ein Terroranschlag mitten in der Wiener Innenstadt (nur wenige hundert Meter von unserem B\u00fcro entfernt), eine wackelige Pr\u00e4sidentenwahl in Amerika.<\/p>\n\n\n\n<p>Wir sind wohl alle m\u00fcde und w\u00fcrden gerne zu unserer \u201ealten Normalit\u00e4t\u201c zur\u00fcckkehren. Ohne hier den Hobby-Epidemiologen spielen zu wollen: Ich f\u00fcrchte, das wird noch einige Zeit dauern. Und somit stellt sich auch die Frage, wie es mit dem Immobilienmarkt weitergeht. Meine Antwort darauf hat sich im Laufe des letzten Dreivierteljahres nicht wesentlich ge\u00e4ndert.<\/p>\n\n\n\n<p>Wir wissen einstweilen, dass es auch am Immobilienmarkt Sieger und Verlierer in der Pandemie gibt. Genauso wie im Einzelhandel: Lebensmittel hui, Bekleidung pfui, um es auf den Punkt zu bringen.<\/p>\n\n\n\n<p>Der Wohnimmobilienmarkt bleibt stabil. Jetzt k\u00f6nnen wir noch dar\u00fcber philosophieren, ob sich Luxusimmobilien besser oder schlechter verkaufen, da gibt es unterschiedliche Auffassungen. Aber die durchschnittliche Wohnimmobilie geh\u00f6rt mit Sicherheit zu den Gewinnern der Krise.<\/p>\n\n\n\n<p>Genauso wie sich einstweilen herauskristallisiert, dass die Speckg\u00fcrtel rund um die Ballungszentren Krisengewinner sind. Der Drang ins Gr\u00fcne, nach Luft, nach Erholung, nach mehr Lebensqualit\u00e4t ist gr\u00f6\u00dfer denn je. Dabei wird es sich wohl um einen Trend handeln, der nicht so schnell umkehrbar ist. Ebenso wie sich der Einzelhandel nach den Lockdowns, mal ganz abgesehen vom Thema Onlinehandel, nicht mehr so leicht erholen wird.<\/p>\n\n\n\n<p>Es gibt jedenfalls gute Gr\u00fcnde, warum das Produkt (Wohn-)Immobilie bei den Anlegern weiter hoch im Kurs bleiben wird.<\/p>\n\n\n\n<p>Erstens: Die weltweite Liquidit\u00e4t von Investoren ist nicht weniger geworden, es gibt also gen\u00fcgend Kapital, das nach Anlage sucht.<\/p>\n\n\n\n<p>Zweitens: Die vern\u00fcnftigen und rentierlichen Alternativen halten sich in Grenzen. Auf der einen Seite gibt es etwa die Aktien und Rohstoffm\u00e4rkte \u2013 wer gerne Rollercoaster f\u00e4hrt, ist hier sicher gut aufgehoben \u2013 und am anderen Ende der Skala die Flatliner (teilweise sogar mit Minuszinsen) Staatsanleihen. Da wirken ja im Vergleich zu den Immobilienrenditen von drei Prozent geradezu schlaraffisch.<\/p>\n\n\n\n<p>Drittes Argument: Unsichere Zeiten haben immer den Drang nach Werterhalt und somit die Anlage in Sachwerten beg\u00fcnstigt.<\/p>\n\n\n\n<p>Apropos unsichere Zeiten, f\u00fcr mich pers\u00f6nlich eine der markantesten Auswirkungen der Krise: Unsichere Zeiten bedingen wohl auch unsicheres Handeln. Wir merken in zunehmendem Ma\u00dfe, dass im Rahmen von Transaktionen erratische Entscheidungen getroffen werden, auf K\u00e4ufer-, vor allem aber auf Verk\u00e4uferseite.<\/p>\n\n\n\n<p>Die H\u00e4ufung von Ankaufsf\u00e4llen, die pl\u00f6tzlich abgebrochen werden (\u201eHabe es mir anders \u00fcberlegt, will mein Haus jetzt doch nicht verkaufen\u201c), oder die pl\u00f6tzliche Annahme von Drittangeboten kurz vor dem Notar-Termin \u2013 ich glaube, das hat mit Zeiten wie diesen zu tun.<\/p>\n\n\n\n<p>Um mit dem goldenen Wiener Herzen zu sprechen: \u201eSchleich dich endlich, Corona!\u201c<\/p>\n","protected":false},"excerpt":{"rendered":"<p>Die weltweite Pandemie, Lockdown\/Lockup, der Wirtschaftseinbruch, ein Terroranschlag mitten in der Wiener Innenstadt (nur wenige hundert Meter von unserem B\u00fcro entfernt), eine wackelige Pr\u00e4sidentenwahl in Amerika. Wir sind wohl alle m\u00fcde und w\u00fcrden gerne zu unserer \u201ealten Normalit\u00e4t\u201c zur\u00fcckkehren. Ohne hier den Hobby-Epidemiologen spielen zu wollen: Ich f\u00fcrchte, das wird noch einige Zeit dauern. Und [&hellip;]<\/p>\n","protected":false},"author":5,"featured_media":13649,"comment_status":"open","ping_status":"open","sticky":false,"template":"","format":"standard","meta":{"_acf_changed":false,"inline_featured_image":false,"footnotes":""},"categories":[1],"tags":[],"class_list":["post-13665","post","type-post","status-publish","format-standard","has-post-thumbnail","hentry","category-news"],"acf":[],"yoast_head":"<!-- This site is optimized with the Yoast SEO plugin v27.4 - https:\/\/yoast.com\/product\/yoast-seo-wordpress\/ -->\n<title>Dieses Jahr 2020 hatte es in sich - Magan<\/title>\n<meta name=\"robots\" content=\"index, follow, max-snippet:-1, max-image-preview:large, max-video-preview:-1\" \/>\n<link rel=\"canonical\" href=\"https:\/\/www.magan.at\/dieses-jahr-2020-hatte-es-in-sich\/\" \/>\n<meta property=\"og:locale\" content=\"en_US\" \/>\n<meta property=\"og:type\" content=\"article\" \/>\n<meta property=\"og:title\" content=\"Dieses Jahr 2020 hatte es in sich - Magan\" \/>\n<meta property=\"og:description\" content=\"Die weltweite Pandemie, Lockdown\/Lockup, der Wirtschaftseinbruch, ein Terroranschlag mitten in der Wiener Innenstadt (nur wenige hundert Meter von unserem B\u00fcro entfernt), eine wackelige Pr\u00e4sidentenwahl in Amerika. Wir sind wohl alle m\u00fcde und w\u00fcrden gerne zu unserer \u201ealten Normalit\u00e4t\u201c zur\u00fcckkehren. Ohne hier den Hobby-Epidemiologen spielen zu wollen: Ich f\u00fcrchte, das wird noch einige Zeit dauern. Und [&hellip;]\" \/>\n<meta property=\"og:url\" content=\"https:\/\/www.magan.at\/dieses-jahr-2020-hatte-es-in-sich\/\" \/>\n<meta property=\"og:site_name\" content=\"Magan\" \/>\n<meta property=\"article:published_time\" content=\"2020-11-12T13:30:00+00:00\" \/>\n<meta property=\"article:modified_time\" content=\"2022-10-12T13:31:02+00:00\" \/>\n<meta property=\"og:image\" content=\"https:\/\/www.magan.at\/wp-content\/uploads\/2022\/10\/A-header-768x380-1.jpeg\" \/>\n\t<meta property=\"og:image:width\" content=\"768\" \/>\n\t<meta property=\"og:image:height\" content=\"380\" \/>\n\t<meta property=\"og:image:type\" content=\"image\/jpeg\" \/>\n<meta name=\"author\" content=\"b2\" \/>\n<meta name=\"twitter:card\" content=\"summary_large_image\" \/>\n<meta name=\"twitter:label1\" content=\"Written by\" \/>\n\t<meta name=\"twitter:data1\" content=\"b2\" \/>\n\t<meta name=\"twitter:label2\" content=\"Est. reading time\" \/>\n\t<meta name=\"twitter:data2\" content=\"3 minutes\" \/>\n<script type=\"application\/ld+json\" class=\"yoast-schema-graph\">{\"@context\":\"https:\\\/\\\/schema.org\",\"@graph\":[{\"@type\":\"Article\",\"@id\":\"https:\\\/\\\/www.magan.at\\\/dieses-jahr-2020-hatte-es-in-sich\\\/#article\",\"isPartOf\":{\"@id\":\"https:\\\/\\\/www.magan.at\\\/dieses-jahr-2020-hatte-es-in-sich\\\/\"},\"author\":{\"name\":\"b2\",\"@id\":\"https:\\\/\\\/www.magan.at\\\/#\\\/schema\\\/person\\\/440debfbf57664075b938d0ce0458429\"},\"headline\":\"Dieses Jahr 2020 hatte es in sich\",\"datePublished\":\"2020-11-12T13:30:00+00:00\",\"dateModified\":\"2022-10-12T13:31:02+00:00\",\"mainEntityOfPage\":{\"@id\":\"https:\\\/\\\/www.magan.at\\\/dieses-jahr-2020-hatte-es-in-sich\\\/\"},\"wordCount\":449,\"commentCount\":0,\"publisher\":{\"@id\":\"https:\\\/\\\/www.magan.at\\\/#organization\"},\"image\":{\"@id\":\"https:\\\/\\\/www.magan.at\\\/dieses-jahr-2020-hatte-es-in-sich\\\/#primaryimage\"},\"thumbnailUrl\":\"https:\\\/\\\/www.magan.at\\\/wp-content\\\/uploads\\\/2022\\\/10\\\/A-header-768x380-1.jpeg\",\"articleSection\":[\"News\"],\"inLanguage\":\"en-US\",\"potentialAction\":[{\"@type\":\"CommentAction\",\"name\":\"Comment\",\"target\":[\"https:\\\/\\\/www.magan.at\\\/dieses-jahr-2020-hatte-es-in-sich\\\/#respond\"]}]},{\"@type\":\"WebPage\",\"@id\":\"https:\\\/\\\/www.magan.at\\\/dieses-jahr-2020-hatte-es-in-sich\\\/\",\"url\":\"https:\\\/\\\/www.magan.at\\\/dieses-jahr-2020-hatte-es-in-sich\\\/\",\"name\":\"Dieses Jahr 2020 hatte es in sich - Magan\",\"isPartOf\":{\"@id\":\"https:\\\/\\\/www.magan.at\\\/#website\"},\"primaryImageOfPage\":{\"@id\":\"https:\\\/\\\/www.magan.at\\\/dieses-jahr-2020-hatte-es-in-sich\\\/#primaryimage\"},\"image\":{\"@id\":\"https:\\\/\\\/www.magan.at\\\/dieses-jahr-2020-hatte-es-in-sich\\\/#primaryimage\"},\"thumbnailUrl\":\"https:\\\/\\\/www.magan.at\\\/wp-content\\\/uploads\\\/2022\\\/10\\\/A-header-768x380-1.jpeg\",\"datePublished\":\"2020-11-12T13:30:00+00:00\",\"dateModified\":\"2022-10-12T13:31:02+00:00\",\"breadcrumb\":{\"@id\":\"https:\\\/\\\/www.magan.at\\\/dieses-jahr-2020-hatte-es-in-sich\\\/#breadcrumb\"},\"inLanguage\":\"en-US\",\"potentialAction\":[{\"@type\":\"ReadAction\",\"target\":[\"https:\\\/\\\/www.magan.at\\\/dieses-jahr-2020-hatte-es-in-sich\\\/\"]}]},{\"@type\":\"ImageObject\",\"inLanguage\":\"en-US\",\"@id\":\"https:\\\/\\\/www.magan.at\\\/dieses-jahr-2020-hatte-es-in-sich\\\/#primaryimage\",\"url\":\"https:\\\/\\\/www.magan.at\\\/wp-content\\\/uploads\\\/2022\\\/10\\\/A-header-768x380-1.jpeg\",\"contentUrl\":\"https:\\\/\\\/www.magan.at\\\/wp-content\\\/uploads\\\/2022\\\/10\\\/A-header-768x380-1.jpeg\",\"width\":768,\"height\":380},{\"@type\":\"BreadcrumbList\",\"@id\":\"https:\\\/\\\/www.magan.at\\\/dieses-jahr-2020-hatte-es-in-sich\\\/#breadcrumb\",\"itemListElement\":[{\"@type\":\"ListItem\",\"position\":1,\"name\":\"Home\",\"item\":\"https:\\\/\\\/www.magan.at\\\/en\\\/\"},{\"@type\":\"ListItem\",\"position\":2,\"name\":\"Dieses Jahr 2020 hatte es in sich\"}]},{\"@type\":\"WebSite\",\"@id\":\"https:\\\/\\\/www.magan.at\\\/#website\",\"url\":\"https:\\\/\\\/www.magan.at\\\/\",\"name\":\"Magan\",\"description\":\"EUROPEAN REAL ESTATE  INVESTMENTS CHARTERED SURVEYORS\",\"publisher\":{\"@id\":\"https:\\\/\\\/www.magan.at\\\/#organization\"},\"potentialAction\":[{\"@type\":\"SearchAction\",\"target\":{\"@type\":\"EntryPoint\",\"urlTemplate\":\"https:\\\/\\\/www.magan.at\\\/?s={search_term_string}\"},\"query-input\":{\"@type\":\"PropertyValueSpecification\",\"valueRequired\":true,\"valueName\":\"search_term_string\"}}],\"inLanguage\":\"en-US\"},{\"@type\":\"Organization\",\"@id\":\"https:\\\/\\\/www.magan.at\\\/#organization\",\"name\":\"Magan\",\"url\":\"https:\\\/\\\/www.magan.at\\\/\",\"logo\":{\"@type\":\"ImageObject\",\"inLanguage\":\"en-US\",\"@id\":\"https:\\\/\\\/www.magan.at\\\/#\\\/schema\\\/logo\\\/image\\\/\",\"url\":\"https:\\\/\\\/www.magan.at\\\/wp-content\\\/uploads\\\/2022\\\/05\\\/maganlogo-.png\",\"contentUrl\":\"https:\\\/\\\/www.magan.at\\\/wp-content\\\/uploads\\\/2022\\\/05\\\/maganlogo-.png\",\"width\":350,\"height\":95,\"caption\":\"Magan\"},\"image\":{\"@id\":\"https:\\\/\\\/www.magan.at\\\/#\\\/schema\\\/logo\\\/image\\\/\"}},{\"@type\":\"Person\",\"@id\":\"https:\\\/\\\/www.magan.at\\\/#\\\/schema\\\/person\\\/440debfbf57664075b938d0ce0458429\",\"name\":\"b2\",\"image\":{\"@type\":\"ImageObject\",\"inLanguage\":\"en-US\",\"@id\":\"https:\\\/\\\/secure.gravatar.com\\\/avatar\\\/4c1e4e0eb4c45153be59392b78487e72287b0bd2d5d918ddbbd4d253efd0a0d9?s=96&d=mm&r=g\",\"url\":\"https:\\\/\\\/secure.gravatar.com\\\/avatar\\\/4c1e4e0eb4c45153be59392b78487e72287b0bd2d5d918ddbbd4d253efd0a0d9?s=96&d=mm&r=g\",\"contentUrl\":\"https:\\\/\\\/secure.gravatar.com\\\/avatar\\\/4c1e4e0eb4c45153be59392b78487e72287b0bd2d5d918ddbbd4d253efd0a0d9?s=96&d=mm&r=g\",\"caption\":\"b2\"},\"url\":\"https:\\\/\\\/www.magan.at\\\/en\\\/author\\\/b2\\\/\"}]}<\/script>\n<!-- \/ Yoast SEO plugin. -->","yoast_head_json":{"title":"Dieses Jahr 2020 hatte es in sich - Magan","robots":{"index":"index","follow":"follow","max-snippet":"max-snippet:-1","max-image-preview":"max-image-preview:large","max-video-preview":"max-video-preview:-1"},"canonical":"https:\/\/www.magan.at\/dieses-jahr-2020-hatte-es-in-sich\/","og_locale":"en_US","og_type":"article","og_title":"Dieses Jahr 2020 hatte es in sich - Magan","og_description":"Die weltweite Pandemie, Lockdown\/Lockup, der Wirtschaftseinbruch, ein Terroranschlag mitten in der Wiener Innenstadt (nur wenige hundert Meter von unserem B\u00fcro entfernt), eine wackelige Pr\u00e4sidentenwahl in Amerika. Wir sind wohl alle m\u00fcde und w\u00fcrden gerne zu unserer \u201ealten Normalit\u00e4t\u201c zur\u00fcckkehren. Ohne hier den Hobby-Epidemiologen spielen zu wollen: Ich f\u00fcrchte, das wird noch einige Zeit dauern. Und [&hellip;]","og_url":"https:\/\/www.magan.at\/dieses-jahr-2020-hatte-es-in-sich\/","og_site_name":"Magan","article_published_time":"2020-11-12T13:30:00+00:00","article_modified_time":"2022-10-12T13:31:02+00:00","og_image":[{"width":768,"height":380,"url":"https:\/\/www.magan.at\/wp-content\/uploads\/2022\/10\/A-header-768x380-1.jpeg","type":"image\/jpeg"}],"author":"b2","twitter_card":"summary_large_image","twitter_misc":{"Written by":"b2","Est. reading time":"3 minutes"},"schema":{"@context":"https:\/\/schema.org","@graph":[{"@type":"Article","@id":"https:\/\/www.magan.at\/dieses-jahr-2020-hatte-es-in-sich\/#article","isPartOf":{"@id":"https:\/\/www.magan.at\/dieses-jahr-2020-hatte-es-in-sich\/"},"author":{"name":"b2","@id":"https:\/\/www.magan.at\/#\/schema\/person\/440debfbf57664075b938d0ce0458429"},"headline":"Dieses Jahr 2020 hatte es in sich","datePublished":"2020-11-12T13:30:00+00:00","dateModified":"2022-10-12T13:31:02+00:00","mainEntityOfPage":{"@id":"https:\/\/www.magan.at\/dieses-jahr-2020-hatte-es-in-sich\/"},"wordCount":449,"commentCount":0,"publisher":{"@id":"https:\/\/www.magan.at\/#organization"},"image":{"@id":"https:\/\/www.magan.at\/dieses-jahr-2020-hatte-es-in-sich\/#primaryimage"},"thumbnailUrl":"https:\/\/www.magan.at\/wp-content\/uploads\/2022\/10\/A-header-768x380-1.jpeg","articleSection":["News"],"inLanguage":"en-US","potentialAction":[{"@type":"CommentAction","name":"Comment","target":["https:\/\/www.magan.at\/dieses-jahr-2020-hatte-es-in-sich\/#respond"]}]},{"@type":"WebPage","@id":"https:\/\/www.magan.at\/dieses-jahr-2020-hatte-es-in-sich\/","url":"https:\/\/www.magan.at\/dieses-jahr-2020-hatte-es-in-sich\/","name":"Dieses Jahr 2020 hatte es in sich - Magan","isPartOf":{"@id":"https:\/\/www.magan.at\/#website"},"primaryImageOfPage":{"@id":"https:\/\/www.magan.at\/dieses-jahr-2020-hatte-es-in-sich\/#primaryimage"},"image":{"@id":"https:\/\/www.magan.at\/dieses-jahr-2020-hatte-es-in-sich\/#primaryimage"},"thumbnailUrl":"https:\/\/www.magan.at\/wp-content\/uploads\/2022\/10\/A-header-768x380-1.jpeg","datePublished":"2020-11-12T13:30:00+00:00","dateModified":"2022-10-12T13:31:02+00:00","breadcrumb":{"@id":"https:\/\/www.magan.at\/dieses-jahr-2020-hatte-es-in-sich\/#breadcrumb"},"inLanguage":"en-US","potentialAction":[{"@type":"ReadAction","target":["https:\/\/www.magan.at\/dieses-jahr-2020-hatte-es-in-sich\/"]}]},{"@type":"ImageObject","inLanguage":"en-US","@id":"https:\/\/www.magan.at\/dieses-jahr-2020-hatte-es-in-sich\/#primaryimage","url":"https:\/\/www.magan.at\/wp-content\/uploads\/2022\/10\/A-header-768x380-1.jpeg","contentUrl":"https:\/\/www.magan.at\/wp-content\/uploads\/2022\/10\/A-header-768x380-1.jpeg","width":768,"height":380},{"@type":"BreadcrumbList","@id":"https:\/\/www.magan.at\/dieses-jahr-2020-hatte-es-in-sich\/#breadcrumb","itemListElement":[{"@type":"ListItem","position":1,"name":"Home","item":"https:\/\/www.magan.at\/en\/"},{"@type":"ListItem","position":2,"name":"Dieses Jahr 2020 hatte es in sich"}]},{"@type":"WebSite","@id":"https:\/\/www.magan.at\/#website","url":"https:\/\/www.magan.at\/","name":"Magan","description":"EUROPEAN REAL ESTATE  INVESTMENTS CHARTERED SURVEYORS","publisher":{"@id":"https:\/\/www.magan.at\/#organization"},"potentialAction":[{"@type":"SearchAction","target":{"@type":"EntryPoint","urlTemplate":"https:\/\/www.magan.at\/?s={search_term_string}"},"query-input":{"@type":"PropertyValueSpecification","valueRequired":true,"valueName":"search_term_string"}}],"inLanguage":"en-US"},{"@type":"Organization","@id":"https:\/\/www.magan.at\/#organization","name":"Magan","url":"https:\/\/www.magan.at\/","logo":{"@type":"ImageObject","inLanguage":"en-US","@id":"https:\/\/www.magan.at\/#\/schema\/logo\/image\/","url":"https:\/\/www.magan.at\/wp-content\/uploads\/2022\/05\/maganlogo-.png","contentUrl":"https:\/\/www.magan.at\/wp-content\/uploads\/2022\/05\/maganlogo-.png","width":350,"height":95,"caption":"Magan"},"image":{"@id":"https:\/\/www.magan.at\/#\/schema\/logo\/image\/"}},{"@type":"Person","@id":"https:\/\/www.magan.at\/#\/schema\/person\/440debfbf57664075b938d0ce0458429","name":"b2","image":{"@type":"ImageObject","inLanguage":"en-US","@id":"https:\/\/secure.gravatar.com\/avatar\/4c1e4e0eb4c45153be59392b78487e72287b0bd2d5d918ddbbd4d253efd0a0d9?s=96&d=mm&r=g","url":"https:\/\/secure.gravatar.com\/avatar\/4c1e4e0eb4c45153be59392b78487e72287b0bd2d5d918ddbbd4d253efd0a0d9?s=96&d=mm&r=g","contentUrl":"https:\/\/secure.gravatar.com\/avatar\/4c1e4e0eb4c45153be59392b78487e72287b0bd2d5d918ddbbd4d253efd0a0d9?s=96&d=mm&r=g","caption":"b2"},"url":"https:\/\/www.magan.at\/en\/author\/b2\/"}]}},"_links":{"self":[{"href":"https:\/\/www.magan.at\/en\/wp-json\/wp\/v2\/posts\/13665","targetHints":{"allow":["GET"]}}],"collection":[{"href":"https:\/\/www.magan.at\/en\/wp-json\/wp\/v2\/posts"}],"about":[{"href":"https:\/\/www.magan.at\/en\/wp-json\/wp\/v2\/types\/post"}],"author":[{"embeddable":true,"href":"https:\/\/www.magan.at\/en\/wp-json\/wp\/v2\/users\/5"}],"replies":[{"embeddable":true,"href":"https:\/\/www.magan.at\/en\/wp-json\/wp\/v2\/comments?post=13665"}],"version-history":[{"count":0,"href":"https:\/\/www.magan.at\/en\/wp-json\/wp\/v2\/posts\/13665\/revisions"}],"wp:featuredmedia":[{"embeddable":true,"href":"https:\/\/www.magan.at\/en\/wp-json\/wp\/v2\/media\/13649"}],"wp:attachment":[{"href":"https:\/\/www.magan.at\/en\/wp-json\/wp\/v2\/media?parent=13665"}],"wp:term":[{"taxonomy":"category","embeddable":true,"href":"https:\/\/www.magan.at\/en\/wp-json\/wp\/v2\/categories?post=13665"},{"taxonomy":"post_tag","embeddable":true,"href":"https:\/\/www.magan.at\/en\/wp-json\/wp\/v2\/tags?post=13665"}],"curies":[{"name":"wp","href":"https:\/\/api.w.org\/{rel}","templated":true}]}}