{"id":15093,"date":"2023-07-17T13:42:01","date_gmt":"2023-07-17T13:42:01","guid":{"rendered":"https:\/\/www.magan.at\/?p=15093"},"modified":"2023-07-17T13:42:02","modified_gmt":"2023-07-17T13:42:02","slug":"intel-baut-in-magdeburg","status":"publish","type":"post","link":"https:\/\/www.magan.at\/en\/intel-baut-in-magdeburg\/","title":{"rendered":"Intel baut in Magdeburg"},"content":{"rendered":"\n<p>Die Bundesregierung hat sich mit dem US-Chipkonzern Intel \u00fcber die staatliche F\u00f6rderung f\u00fcr seinen Fabrikkomplex in Magdeburg geeinigt. Durch den Bau des Werks soll Deutschland als Mikroelektronikstandort gest\u00e4rkt werden. Die EU und die nationalen Regierungen erhoffen sich von der Intel-Ansiedlung eine gr\u00f6\u00dfere Unabh\u00e4ngigkeit von den globalen Lieferketten und den asiatischen Herstellern der Zukunftstechnologie. Was dieses Werk f\u00fcr den Immobilienmarkt in Magdeburg bedeutet, kann man sich leicht ausrechnen. Die Stadt in Sachsen-Anhalt wird sowohl im Wohnbau als auch bei Gewerbefl\u00e4chen eine starke Nachfrage erleben.<\/p>\n\n\n\n<p><a href=\"https:\/\/www.spiegel.de\/wirtschaft\/unternehmen\/intel-erzielt-einigung-ueber-chipfabrik-in-magdeburg-a-02173605-d4c7-4ada-9ae3-1dba6f3fa2e0\">Weiterlesen<\/a><\/p>\n","protected":false},"excerpt":{"rendered":"<p>Die Bundesregierung hat sich mit dem US-Chipkonzern Intel \u00fcber die staatliche F\u00f6rderung f\u00fcr seinen Fabrikkomplex in Magdeburg geeinigt. Durch den Bau des Werks soll Deutschland als Mikroelektronikstandort gest\u00e4rkt werden. Die EU und die nationalen Regierungen erhoffen sich von der Intel-Ansiedlung eine gr\u00f6\u00dfere Unabh\u00e4ngigkeit von den globalen Lieferketten und den asiatischen Herstellern der Zukunftstechnologie. Was dieses [&hellip;]<\/p>\n","protected":false},"author":7,"featured_media":15094,"comment_status":"open","ping_status":"open","sticky":false,"template":"","format":"standard","meta":{"_acf_changed":false,"inline_featured_image":false,"footnotes":""},"categories":[1],"tags":[],"class_list":["post-15093","post","type-post","status-publish","format-standard","has-post-thumbnail","hentry","category-news"],"acf":[],"yoast_head":"<!-- This site is optimized with the Yoast SEO plugin v27.4 - https:\/\/yoast.com\/product\/yoast-seo-wordpress\/ -->\n<title>Intel baut in Magdeburg - Magan<\/title>\n<meta name=\"robots\" content=\"index, follow, max-snippet:-1, max-image-preview:large, max-video-preview:-1\" \/>\n<link rel=\"canonical\" href=\"https:\/\/www.magan.at\/intel-baut-in-magdeburg\/\" \/>\n<meta property=\"og:locale\" content=\"en_US\" \/>\n<meta property=\"og:type\" content=\"article\" \/>\n<meta property=\"og:title\" content=\"Intel baut in Magdeburg - Magan\" \/>\n<meta property=\"og:description\" content=\"Die Bundesregierung hat sich mit dem US-Chipkonzern Intel \u00fcber die staatliche F\u00f6rderung f\u00fcr seinen Fabrikkomplex in Magdeburg geeinigt. Durch den Bau des Werks soll Deutschland als Mikroelektronikstandort gest\u00e4rkt werden. Die EU und die nationalen Regierungen erhoffen sich von der Intel-Ansiedlung eine gr\u00f6\u00dfere Unabh\u00e4ngigkeit von den globalen Lieferketten und den asiatischen Herstellern der Zukunftstechnologie. Was dieses [&hellip;]\" \/>\n<meta property=\"og:url\" content=\"https:\/\/www.magan.at\/intel-baut-in-magdeburg\/\" \/>\n<meta property=\"og:site_name\" content=\"Magan\" \/>\n<meta property=\"article:published_time\" content=\"2023-07-17T13:42:01+00:00\" \/>\n<meta property=\"article:modified_time\" content=\"2023-07-17T13:42:02+00:00\" \/>\n<meta property=\"og:image\" content=\"https:\/\/www.magan.at\/wp-content\/uploads\/2023\/07\/max-fuchs-DG6q0r7RYS8-unsplash-scaled-e1689582323237.jpg\" \/>\n\t<meta property=\"og:image:width\" content=\"1707\" \/>\n\t<meta property=\"og:image:height\" content=\"1056\" \/>\n\t<meta property=\"og:image:type\" content=\"image\/jpeg\" \/>\n<meta name=\"author\" content=\"laura\" \/>\n<meta name=\"twitter:card\" content=\"summary_large_image\" \/>\n<meta name=\"twitter:label1\" content=\"Written by\" \/>\n\t<meta name=\"twitter:data1\" content=\"laura\" \/>\n\t<meta name=\"twitter:label2\" content=\"Est. reading time\" \/>\n\t<meta name=\"twitter:data2\" content=\"1 minute\" \/>\n<script type=\"application\/ld+json\" class=\"yoast-schema-graph\">{\"@context\":\"https:\\\/\\\/schema.org\",\"@graph\":[{\"@type\":\"Article\",\"@id\":\"https:\\\/\\\/www.magan.at\\\/intel-baut-in-magdeburg\\\/#article\",\"isPartOf\":{\"@id\":\"https:\\\/\\\/www.magan.at\\\/intel-baut-in-magdeburg\\\/\"},\"author\":{\"name\":\"laura\",\"@id\":\"https:\\\/\\\/www.magan.at\\\/#\\\/schema\\\/person\\\/9fad71b2c41eb0f0e760e6775e3608fe\"},\"headline\":\"Intel baut in Magdeburg\",\"datePublished\":\"2023-07-17T13:42:01+00:00\",\"dateModified\":\"2023-07-17T13:42:02+00:00\",\"mainEntityOfPage\":{\"@id\":\"https:\\\/\\\/www.magan.at\\\/intel-baut-in-magdeburg\\\/\"},\"wordCount\":95,\"commentCount\":0,\"publisher\":{\"@id\":\"https:\\\/\\\/www.magan.at\\\/#organization\"},\"image\":{\"@id\":\"https:\\\/\\\/www.magan.at\\\/intel-baut-in-magdeburg\\\/#primaryimage\"},\"thumbnailUrl\":\"https:\\\/\\\/www.magan.at\\\/wp-content\\\/uploads\\\/2023\\\/07\\\/max-fuchs-DG6q0r7RYS8-unsplash-scaled-e1689582323237.jpg\",\"articleSection\":[\"News\"],\"inLanguage\":\"en-US\",\"potentialAction\":[{\"@type\":\"CommentAction\",\"name\":\"Comment\",\"target\":[\"https:\\\/\\\/www.magan.at\\\/intel-baut-in-magdeburg\\\/#respond\"]}]},{\"@type\":\"WebPage\",\"@id\":\"https:\\\/\\\/www.magan.at\\\/intel-baut-in-magdeburg\\\/\",\"url\":\"https:\\\/\\\/www.magan.at\\\/intel-baut-in-magdeburg\\\/\",\"name\":\"Intel baut in Magdeburg - Magan\",\"isPartOf\":{\"@id\":\"https:\\\/\\\/www.magan.at\\\/#website\"},\"primaryImageOfPage\":{\"@id\":\"https:\\\/\\\/www.magan.at\\\/intel-baut-in-magdeburg\\\/#primaryimage\"},\"image\":{\"@id\":\"https:\\\/\\\/www.magan.at\\\/intel-baut-in-magdeburg\\\/#primaryimage\"},\"thumbnailUrl\":\"https:\\\/\\\/www.magan.at\\\/wp-content\\\/uploads\\\/2023\\\/07\\\/max-fuchs-DG6q0r7RYS8-unsplash-scaled-e1689582323237.jpg\",\"datePublished\":\"2023-07-17T13:42:01+00:00\",\"dateModified\":\"2023-07-17T13:42:02+00:00\",\"breadcrumb\":{\"@id\":\"https:\\\/\\\/www.magan.at\\\/intel-baut-in-magdeburg\\\/#breadcrumb\"},\"inLanguage\":\"en-US\",\"potentialAction\":[{\"@type\":\"ReadAction\",\"target\":[\"https:\\\/\\\/www.magan.at\\\/intel-baut-in-magdeburg\\\/\"]}]},{\"@type\":\"ImageObject\",\"inLanguage\":\"en-US\",\"@id\":\"https:\\\/\\\/www.magan.at\\\/intel-baut-in-magdeburg\\\/#primaryimage\",\"url\":\"https:\\\/\\\/www.magan.at\\\/wp-content\\\/uploads\\\/2023\\\/07\\\/max-fuchs-DG6q0r7RYS8-unsplash-scaled-e1689582323237.jpg\",\"contentUrl\":\"https:\\\/\\\/www.magan.at\\\/wp-content\\\/uploads\\\/2023\\\/07\\\/max-fuchs-DG6q0r7RYS8-unsplash-scaled-e1689582323237.jpg\",\"width\":1707,\"height\":1056},{\"@type\":\"BreadcrumbList\",\"@id\":\"https:\\\/\\\/www.magan.at\\\/intel-baut-in-magdeburg\\\/#breadcrumb\",\"itemListElement\":[{\"@type\":\"ListItem\",\"position\":1,\"name\":\"Home\",\"item\":\"https:\\\/\\\/www.magan.at\\\/en\\\/\"},{\"@type\":\"ListItem\",\"position\":2,\"name\":\"Intel baut in Magdeburg\"}]},{\"@type\":\"WebSite\",\"@id\":\"https:\\\/\\\/www.magan.at\\\/#website\",\"url\":\"https:\\\/\\\/www.magan.at\\\/\",\"name\":\"Magan\",\"description\":\"EUROPEAN REAL ESTATE  INVESTMENTS CHARTERED SURVEYORS\",\"publisher\":{\"@id\":\"https:\\\/\\\/www.magan.at\\\/#organization\"},\"potentialAction\":[{\"@type\":\"SearchAction\",\"target\":{\"@type\":\"EntryPoint\",\"urlTemplate\":\"https:\\\/\\\/www.magan.at\\\/?s={search_term_string}\"},\"query-input\":{\"@type\":\"PropertyValueSpecification\",\"valueRequired\":true,\"valueName\":\"search_term_string\"}}],\"inLanguage\":\"en-US\"},{\"@type\":\"Organization\",\"@id\":\"https:\\\/\\\/www.magan.at\\\/#organization\",\"name\":\"Magan\",\"url\":\"https:\\\/\\\/www.magan.at\\\/\",\"logo\":{\"@type\":\"ImageObject\",\"inLanguage\":\"en-US\",\"@id\":\"https:\\\/\\\/www.magan.at\\\/#\\\/schema\\\/logo\\\/image\\\/\",\"url\":\"https:\\\/\\\/www.magan.at\\\/wp-content\\\/uploads\\\/2022\\\/05\\\/maganlogo-.png\",\"contentUrl\":\"https:\\\/\\\/www.magan.at\\\/wp-content\\\/uploads\\\/2022\\\/05\\\/maganlogo-.png\",\"width\":350,\"height\":95,\"caption\":\"Magan\"},\"image\":{\"@id\":\"https:\\\/\\\/www.magan.at\\\/#\\\/schema\\\/logo\\\/image\\\/\"}},{\"@type\":\"Person\",\"@id\":\"https:\\\/\\\/www.magan.at\\\/#\\\/schema\\\/person\\\/9fad71b2c41eb0f0e760e6775e3608fe\",\"name\":\"laura\",\"image\":{\"@type\":\"ImageObject\",\"inLanguage\":\"en-US\",\"@id\":\"https:\\\/\\\/secure.gravatar.com\\\/avatar\\\/90012754db3f5ec4a9cd5c103b49119cce90acc61ec71ac7b27e81616be82027?s=96&d=mm&r=g\",\"url\":\"https:\\\/\\\/secure.gravatar.com\\\/avatar\\\/90012754db3f5ec4a9cd5c103b49119cce90acc61ec71ac7b27e81616be82027?s=96&d=mm&r=g\",\"contentUrl\":\"https:\\\/\\\/secure.gravatar.com\\\/avatar\\\/90012754db3f5ec4a9cd5c103b49119cce90acc61ec71ac7b27e81616be82027?s=96&d=mm&r=g\",\"caption\":\"laura\"},\"url\":\"https:\\\/\\\/www.magan.at\\\/en\\\/author\\\/laura\\\/\"}]}<\/script>\n<!-- \/ Yoast SEO plugin. -->","yoast_head_json":{"title":"Intel baut in Magdeburg - Magan","robots":{"index":"index","follow":"follow","max-snippet":"max-snippet:-1","max-image-preview":"max-image-preview:large","max-video-preview":"max-video-preview:-1"},"canonical":"https:\/\/www.magan.at\/intel-baut-in-magdeburg\/","og_locale":"en_US","og_type":"article","og_title":"Intel baut in Magdeburg - Magan","og_description":"Die Bundesregierung hat sich mit dem US-Chipkonzern Intel \u00fcber die staatliche F\u00f6rderung f\u00fcr seinen Fabrikkomplex in Magdeburg geeinigt. Durch den Bau des Werks soll Deutschland als Mikroelektronikstandort gest\u00e4rkt werden. Die EU und die nationalen Regierungen erhoffen sich von der Intel-Ansiedlung eine gr\u00f6\u00dfere Unabh\u00e4ngigkeit von den globalen Lieferketten und den asiatischen Herstellern der Zukunftstechnologie. Was dieses [&hellip;]","og_url":"https:\/\/www.magan.at\/intel-baut-in-magdeburg\/","og_site_name":"Magan","article_published_time":"2023-07-17T13:42:01+00:00","article_modified_time":"2023-07-17T13:42:02+00:00","og_image":[{"width":1707,"height":1056,"url":"https:\/\/www.magan.at\/wp-content\/uploads\/2023\/07\/max-fuchs-DG6q0r7RYS8-unsplash-scaled-e1689582323237.jpg","type":"image\/jpeg"}],"author":"laura","twitter_card":"summary_large_image","twitter_misc":{"Written by":"laura","Est. reading time":"1 minute"},"schema":{"@context":"https:\/\/schema.org","@graph":[{"@type":"Article","@id":"https:\/\/www.magan.at\/intel-baut-in-magdeburg\/#article","isPartOf":{"@id":"https:\/\/www.magan.at\/intel-baut-in-magdeburg\/"},"author":{"name":"laura","@id":"https:\/\/www.magan.at\/#\/schema\/person\/9fad71b2c41eb0f0e760e6775e3608fe"},"headline":"Intel baut in Magdeburg","datePublished":"2023-07-17T13:42:01+00:00","dateModified":"2023-07-17T13:42:02+00:00","mainEntityOfPage":{"@id":"https:\/\/www.magan.at\/intel-baut-in-magdeburg\/"},"wordCount":95,"commentCount":0,"publisher":{"@id":"https:\/\/www.magan.at\/#organization"},"image":{"@id":"https:\/\/www.magan.at\/intel-baut-in-magdeburg\/#primaryimage"},"thumbnailUrl":"https:\/\/www.magan.at\/wp-content\/uploads\/2023\/07\/max-fuchs-DG6q0r7RYS8-unsplash-scaled-e1689582323237.jpg","articleSection":["News"],"inLanguage":"en-US","potentialAction":[{"@type":"CommentAction","name":"Comment","target":["https:\/\/www.magan.at\/intel-baut-in-magdeburg\/#respond"]}]},{"@type":"WebPage","@id":"https:\/\/www.magan.at\/intel-baut-in-magdeburg\/","url":"https:\/\/www.magan.at\/intel-baut-in-magdeburg\/","name":"Intel baut in Magdeburg - Magan","isPartOf":{"@id":"https:\/\/www.magan.at\/#website"},"primaryImageOfPage":{"@id":"https:\/\/www.magan.at\/intel-baut-in-magdeburg\/#primaryimage"},"image":{"@id":"https:\/\/www.magan.at\/intel-baut-in-magdeburg\/#primaryimage"},"thumbnailUrl":"https:\/\/www.magan.at\/wp-content\/uploads\/2023\/07\/max-fuchs-DG6q0r7RYS8-unsplash-scaled-e1689582323237.jpg","datePublished":"2023-07-17T13:42:01+00:00","dateModified":"2023-07-17T13:42:02+00:00","breadcrumb":{"@id":"https:\/\/www.magan.at\/intel-baut-in-magdeburg\/#breadcrumb"},"inLanguage":"en-US","potentialAction":[{"@type":"ReadAction","target":["https:\/\/www.magan.at\/intel-baut-in-magdeburg\/"]}]},{"@type":"ImageObject","inLanguage":"en-US","@id":"https:\/\/www.magan.at\/intel-baut-in-magdeburg\/#primaryimage","url":"https:\/\/www.magan.at\/wp-content\/uploads\/2023\/07\/max-fuchs-DG6q0r7RYS8-unsplash-scaled-e1689582323237.jpg","contentUrl":"https:\/\/www.magan.at\/wp-content\/uploads\/2023\/07\/max-fuchs-DG6q0r7RYS8-unsplash-scaled-e1689582323237.jpg","width":1707,"height":1056},{"@type":"BreadcrumbList","@id":"https:\/\/www.magan.at\/intel-baut-in-magdeburg\/#breadcrumb","itemListElement":[{"@type":"ListItem","position":1,"name":"Home","item":"https:\/\/www.magan.at\/en\/"},{"@type":"ListItem","position":2,"name":"Intel baut in Magdeburg"}]},{"@type":"WebSite","@id":"https:\/\/www.magan.at\/#website","url":"https:\/\/www.magan.at\/","name":"Magan","description":"EUROPEAN REAL ESTATE  INVESTMENTS CHARTERED SURVEYORS","publisher":{"@id":"https:\/\/www.magan.at\/#organization"},"potentialAction":[{"@type":"SearchAction","target":{"@type":"EntryPoint","urlTemplate":"https:\/\/www.magan.at\/?s={search_term_string}"},"query-input":{"@type":"PropertyValueSpecification","valueRequired":true,"valueName":"search_term_string"}}],"inLanguage":"en-US"},{"@type":"Organization","@id":"https:\/\/www.magan.at\/#organization","name":"Magan","url":"https:\/\/www.magan.at\/","logo":{"@type":"ImageObject","inLanguage":"en-US","@id":"https:\/\/www.magan.at\/#\/schema\/logo\/image\/","url":"https:\/\/www.magan.at\/wp-content\/uploads\/2022\/05\/maganlogo-.png","contentUrl":"https:\/\/www.magan.at\/wp-content\/uploads\/2022\/05\/maganlogo-.png","width":350,"height":95,"caption":"Magan"},"image":{"@id":"https:\/\/www.magan.at\/#\/schema\/logo\/image\/"}},{"@type":"Person","@id":"https:\/\/www.magan.at\/#\/schema\/person\/9fad71b2c41eb0f0e760e6775e3608fe","name":"laura","image":{"@type":"ImageObject","inLanguage":"en-US","@id":"https:\/\/secure.gravatar.com\/avatar\/90012754db3f5ec4a9cd5c103b49119cce90acc61ec71ac7b27e81616be82027?s=96&d=mm&r=g","url":"https:\/\/secure.gravatar.com\/avatar\/90012754db3f5ec4a9cd5c103b49119cce90acc61ec71ac7b27e81616be82027?s=96&d=mm&r=g","contentUrl":"https:\/\/secure.gravatar.com\/avatar\/90012754db3f5ec4a9cd5c103b49119cce90acc61ec71ac7b27e81616be82027?s=96&d=mm&r=g","caption":"laura"},"url":"https:\/\/www.magan.at\/en\/author\/laura\/"}]}},"_links":{"self":[{"href":"https:\/\/www.magan.at\/en\/wp-json\/wp\/v2\/posts\/15093","targetHints":{"allow":["GET"]}}],"collection":[{"href":"https:\/\/www.magan.at\/en\/wp-json\/wp\/v2\/posts"}],"about":[{"href":"https:\/\/www.magan.at\/en\/wp-json\/wp\/v2\/types\/post"}],"author":[{"embeddable":true,"href":"https:\/\/www.magan.at\/en\/wp-json\/wp\/v2\/users\/7"}],"replies":[{"embeddable":true,"href":"https:\/\/www.magan.at\/en\/wp-json\/wp\/v2\/comments?post=15093"}],"version-history":[{"count":1,"href":"https:\/\/www.magan.at\/en\/wp-json\/wp\/v2\/posts\/15093\/revisions"}],"predecessor-version":[{"id":15096,"href":"https:\/\/www.magan.at\/en\/wp-json\/wp\/v2\/posts\/15093\/revisions\/15096"}],"wp:featuredmedia":[{"embeddable":true,"href":"https:\/\/www.magan.at\/en\/wp-json\/wp\/v2\/media\/15094"}],"wp:attachment":[{"href":"https:\/\/www.magan.at\/en\/wp-json\/wp\/v2\/media?parent=15093"}],"wp:term":[{"taxonomy":"category","embeddable":true,"href":"https:\/\/www.magan.at\/en\/wp-json\/wp\/v2\/categories?post=15093"},{"taxonomy":"post_tag","embeddable":true,"href":"https:\/\/www.magan.at\/en\/wp-json\/wp\/v2\/tags?post=15093"}],"curies":[{"name":"wp","href":"https:\/\/api.w.org\/{rel}","templated":true}]}}