{"id":15274,"date":"2024-09-30T14:06:43","date_gmt":"2024-09-30T14:06:43","guid":{"rendered":"https:\/\/www.magan.at\/?p=15274"},"modified":"2024-09-30T14:06:44","modified_gmt":"2024-09-30T14:06:44","slug":"die-zahl-der-immobilienkaeufe-hat-in-den-letzten-monaten-zugelegt","status":"publish","type":"post","link":"https:\/\/www.magan.at\/en\/die-zahl-der-immobilienkaeufe-hat-in-den-letzten-monaten-zugelegt\/","title":{"rendered":"Die Zahl der Immobilienk\u00e4ufe hat in den letzten Monaten zugelegt"},"content":{"rendered":"\n<p>Nach dem Krisenjahr 2023 d\u00fcrfte sich der deutsche Immobilienmarkt nach Einsch\u00e4tzung des Hamburger Gewos-Instituts erholen. Nach dem Krisenjahr 2023 d\u00fcrfte sich der deutsche Immobilienmarkt nach Einsch\u00e4tzung des Hamburger Gewos-Instituts erholen. Ein wichtiger Grund: F\u00fcr Eigennutzer sei Wohnraum dank der gesunkenen Kaufpreise, etwas niedrigerer Kreditzinsen und steigender L\u00f6hne wieder erschwinglicher geworden, hei\u00dft es in einer neuen Prognose des Gewos-Instituts f\u00fcr Stadt-, Regional- und Wohnforschung.&nbsp;<\/p>\n\n\n\n<p>In den vergangenen Monaten habe die Zahl der K\u00e4ufe am Immobilienmarkt zugelegt. Der Trend d\u00fcrfte sich im Jahresverlauf fortsetzen \u2013 wenn auch von stark ged\u00e4mpftem Niveau aus. \u201eMittelfristig werden Transaktionen, Geldums\u00e4tze und Kaufpreise nicht wieder das Vorkrisenniveau erreichen\u201c, hei\u00dft es mit Blick auf den jahrelangen Immobilienboom in Deutschland, der 2022 im Zuge stark gestiegener Kreditzinsen endete.<\/p>\n\n\n\n<p><a href=\"https:\/\/www.wiwo.de\/finanzen\/immobilien\/zinsen-runter-loehne-rauf-immobilien-werden-wieder-erschwinglicher-\/29999804.html\">Weiterlesen<\/a><\/p>\n","protected":false},"excerpt":{"rendered":"<p>Nach dem Krisenjahr 2023 d\u00fcrfte sich der deutsche Immobilienmarkt nach Einsch\u00e4tzung des Hamburger Gewos-Instituts erholen. Nach dem Krisenjahr 2023 d\u00fcrfte sich der deutsche Immobilienmarkt nach Einsch\u00e4tzung des Hamburger Gewos-Instituts erholen. Ein wichtiger Grund: F\u00fcr Eigennutzer sei Wohnraum dank der gesunkenen Kaufpreise, etwas niedrigerer Kreditzinsen und steigender L\u00f6hne wieder erschwinglicher geworden, hei\u00dft es in einer neuen [&hellip;]<\/p>\n","protected":false},"author":7,"featured_media":15275,"comment_status":"open","ping_status":"open","sticky":false,"template":"","format":"standard","meta":{"_acf_changed":false,"inline_featured_image":false,"footnotes":""},"categories":[1],"tags":[],"class_list":["post-15274","post","type-post","status-publish","format-standard","has-post-thumbnail","hentry","category-news"],"acf":[],"yoast_head":"<!-- This site is optimized with the Yoast SEO plugin v27.4 - https:\/\/yoast.com\/product\/yoast-seo-wordpress\/ -->\n<title>Die Zahl der Immobilienk\u00e4ufe hat in den letzten Monaten zugelegt - Magan<\/title>\n<meta name=\"robots\" content=\"index, follow, max-snippet:-1, max-image-preview:large, max-video-preview:-1\" \/>\n<link rel=\"canonical\" href=\"https:\/\/www.magan.at\/die-zahl-der-immobilienkaeufe-hat-in-den-letzten-monaten-zugelegt\/\" \/>\n<meta property=\"og:locale\" content=\"en_US\" \/>\n<meta property=\"og:type\" content=\"article\" \/>\n<meta property=\"og:title\" content=\"Die Zahl der Immobilienk\u00e4ufe hat in den letzten Monaten zugelegt - Magan\" \/>\n<meta property=\"og:description\" content=\"Nach dem Krisenjahr 2023 d\u00fcrfte sich der deutsche Immobilienmarkt nach Einsch\u00e4tzung des Hamburger Gewos-Instituts erholen. Nach dem Krisenjahr 2023 d\u00fcrfte sich der deutsche Immobilienmarkt nach Einsch\u00e4tzung des Hamburger Gewos-Instituts erholen. Ein wichtiger Grund: F\u00fcr Eigennutzer sei Wohnraum dank der gesunkenen Kaufpreise, etwas niedrigerer Kreditzinsen und steigender L\u00f6hne wieder erschwinglicher geworden, hei\u00dft es in einer neuen [&hellip;]\" \/>\n<meta property=\"og:url\" content=\"https:\/\/www.magan.at\/die-zahl-der-immobilienkaeufe-hat-in-den-letzten-monaten-zugelegt\/\" \/>\n<meta property=\"og:site_name\" content=\"Magan\" \/>\n<meta property=\"article:published_time\" content=\"2024-09-30T14:06:43+00:00\" \/>\n<meta property=\"article:modified_time\" content=\"2024-09-30T14:06:44+00:00\" \/>\n<meta property=\"og:image\" content=\"https:\/\/www.magan.at\/wp-content\/uploads\/2024\/09\/buyandrent-homes-ufT0GythnvE-unsplash-scaled-e1727705078736.jpg\" \/>\n\t<meta property=\"og:image:width\" content=\"2560\" \/>\n\t<meta property=\"og:image:height\" content=\"1164\" \/>\n\t<meta property=\"og:image:type\" content=\"image\/jpeg\" \/>\n<meta name=\"author\" content=\"laura\" \/>\n<meta name=\"twitter:card\" content=\"summary_large_image\" \/>\n<meta name=\"twitter:label1\" content=\"Written by\" \/>\n\t<meta name=\"twitter:data1\" content=\"laura\" \/>\n\t<meta name=\"twitter:label2\" content=\"Est. reading time\" \/>\n\t<meta name=\"twitter:data2\" content=\"1 minute\" \/>\n<script type=\"application\/ld+json\" class=\"yoast-schema-graph\">{\"@context\":\"https:\\\/\\\/schema.org\",\"@graph\":[{\"@type\":\"Article\",\"@id\":\"https:\\\/\\\/www.magan.at\\\/die-zahl-der-immobilienkaeufe-hat-in-den-letzten-monaten-zugelegt\\\/#article\",\"isPartOf\":{\"@id\":\"https:\\\/\\\/www.magan.at\\\/die-zahl-der-immobilienkaeufe-hat-in-den-letzten-monaten-zugelegt\\\/\"},\"author\":{\"name\":\"laura\",\"@id\":\"https:\\\/\\\/www.magan.at\\\/#\\\/schema\\\/person\\\/9fad71b2c41eb0f0e760e6775e3608fe\"},\"headline\":\"Die Zahl der Immobilienk\u00e4ufe hat in den letzten Monaten zugelegt\",\"datePublished\":\"2024-09-30T14:06:43+00:00\",\"dateModified\":\"2024-09-30T14:06:44+00:00\",\"mainEntityOfPage\":{\"@id\":\"https:\\\/\\\/www.magan.at\\\/die-zahl-der-immobilienkaeufe-hat-in-den-letzten-monaten-zugelegt\\\/\"},\"wordCount\":141,\"commentCount\":0,\"publisher\":{\"@id\":\"https:\\\/\\\/www.magan.at\\\/#organization\"},\"image\":{\"@id\":\"https:\\\/\\\/www.magan.at\\\/die-zahl-der-immobilienkaeufe-hat-in-den-letzten-monaten-zugelegt\\\/#primaryimage\"},\"thumbnailUrl\":\"https:\\\/\\\/www.magan.at\\\/wp-content\\\/uploads\\\/2024\\\/09\\\/buyandrent-homes-ufT0GythnvE-unsplash-scaled-e1727705078736.jpg\",\"articleSection\":[\"News\"],\"inLanguage\":\"en-US\",\"potentialAction\":[{\"@type\":\"CommentAction\",\"name\":\"Comment\",\"target\":[\"https:\\\/\\\/www.magan.at\\\/die-zahl-der-immobilienkaeufe-hat-in-den-letzten-monaten-zugelegt\\\/#respond\"]}]},{\"@type\":\"WebPage\",\"@id\":\"https:\\\/\\\/www.magan.at\\\/die-zahl-der-immobilienkaeufe-hat-in-den-letzten-monaten-zugelegt\\\/\",\"url\":\"https:\\\/\\\/www.magan.at\\\/die-zahl-der-immobilienkaeufe-hat-in-den-letzten-monaten-zugelegt\\\/\",\"name\":\"Die Zahl der Immobilienk\u00e4ufe hat in den letzten Monaten zugelegt - Magan\",\"isPartOf\":{\"@id\":\"https:\\\/\\\/www.magan.at\\\/#website\"},\"primaryImageOfPage\":{\"@id\":\"https:\\\/\\\/www.magan.at\\\/die-zahl-der-immobilienkaeufe-hat-in-den-letzten-monaten-zugelegt\\\/#primaryimage\"},\"image\":{\"@id\":\"https:\\\/\\\/www.magan.at\\\/die-zahl-der-immobilienkaeufe-hat-in-den-letzten-monaten-zugelegt\\\/#primaryimage\"},\"thumbnailUrl\":\"https:\\\/\\\/www.magan.at\\\/wp-content\\\/uploads\\\/2024\\\/09\\\/buyandrent-homes-ufT0GythnvE-unsplash-scaled-e1727705078736.jpg\",\"datePublished\":\"2024-09-30T14:06:43+00:00\",\"dateModified\":\"2024-09-30T14:06:44+00:00\",\"breadcrumb\":{\"@id\":\"https:\\\/\\\/www.magan.at\\\/die-zahl-der-immobilienkaeufe-hat-in-den-letzten-monaten-zugelegt\\\/#breadcrumb\"},\"inLanguage\":\"en-US\",\"potentialAction\":[{\"@type\":\"ReadAction\",\"target\":[\"https:\\\/\\\/www.magan.at\\\/die-zahl-der-immobilienkaeufe-hat-in-den-letzten-monaten-zugelegt\\\/\"]}]},{\"@type\":\"ImageObject\",\"inLanguage\":\"en-US\",\"@id\":\"https:\\\/\\\/www.magan.at\\\/die-zahl-der-immobilienkaeufe-hat-in-den-letzten-monaten-zugelegt\\\/#primaryimage\",\"url\":\"https:\\\/\\\/www.magan.at\\\/wp-content\\\/uploads\\\/2024\\\/09\\\/buyandrent-homes-ufT0GythnvE-unsplash-scaled-e1727705078736.jpg\",\"contentUrl\":\"https:\\\/\\\/www.magan.at\\\/wp-content\\\/uploads\\\/2024\\\/09\\\/buyandrent-homes-ufT0GythnvE-unsplash-scaled-e1727705078736.jpg\",\"width\":2560,\"height\":1164},{\"@type\":\"BreadcrumbList\",\"@id\":\"https:\\\/\\\/www.magan.at\\\/die-zahl-der-immobilienkaeufe-hat-in-den-letzten-monaten-zugelegt\\\/#breadcrumb\",\"itemListElement\":[{\"@type\":\"ListItem\",\"position\":1,\"name\":\"Home\",\"item\":\"https:\\\/\\\/www.magan.at\\\/en\\\/\"},{\"@type\":\"ListItem\",\"position\":2,\"name\":\"Die Zahl der Immobilienk\u00e4ufe hat in den letzten Monaten zugelegt\"}]},{\"@type\":\"WebSite\",\"@id\":\"https:\\\/\\\/www.magan.at\\\/#website\",\"url\":\"https:\\\/\\\/www.magan.at\\\/\",\"name\":\"Magan\",\"description\":\"EUROPEAN REAL ESTATE  INVESTMENTS CHARTERED SURVEYORS\",\"publisher\":{\"@id\":\"https:\\\/\\\/www.magan.at\\\/#organization\"},\"potentialAction\":[{\"@type\":\"SearchAction\",\"target\":{\"@type\":\"EntryPoint\",\"urlTemplate\":\"https:\\\/\\\/www.magan.at\\\/?s={search_term_string}\"},\"query-input\":{\"@type\":\"PropertyValueSpecification\",\"valueRequired\":true,\"valueName\":\"search_term_string\"}}],\"inLanguage\":\"en-US\"},{\"@type\":\"Organization\",\"@id\":\"https:\\\/\\\/www.magan.at\\\/#organization\",\"name\":\"Magan\",\"url\":\"https:\\\/\\\/www.magan.at\\\/\",\"logo\":{\"@type\":\"ImageObject\",\"inLanguage\":\"en-US\",\"@id\":\"https:\\\/\\\/www.magan.at\\\/#\\\/schema\\\/logo\\\/image\\\/\",\"url\":\"https:\\\/\\\/www.magan.at\\\/wp-content\\\/uploads\\\/2022\\\/05\\\/maganlogo-.png\",\"contentUrl\":\"https:\\\/\\\/www.magan.at\\\/wp-content\\\/uploads\\\/2022\\\/05\\\/maganlogo-.png\",\"width\":350,\"height\":95,\"caption\":\"Magan\"},\"image\":{\"@id\":\"https:\\\/\\\/www.magan.at\\\/#\\\/schema\\\/logo\\\/image\\\/\"}},{\"@type\":\"Person\",\"@id\":\"https:\\\/\\\/www.magan.at\\\/#\\\/schema\\\/person\\\/9fad71b2c41eb0f0e760e6775e3608fe\",\"name\":\"laura\",\"image\":{\"@type\":\"ImageObject\",\"inLanguage\":\"en-US\",\"@id\":\"https:\\\/\\\/secure.gravatar.com\\\/avatar\\\/90012754db3f5ec4a9cd5c103b49119cce90acc61ec71ac7b27e81616be82027?s=96&d=mm&r=g\",\"url\":\"https:\\\/\\\/secure.gravatar.com\\\/avatar\\\/90012754db3f5ec4a9cd5c103b49119cce90acc61ec71ac7b27e81616be82027?s=96&d=mm&r=g\",\"contentUrl\":\"https:\\\/\\\/secure.gravatar.com\\\/avatar\\\/90012754db3f5ec4a9cd5c103b49119cce90acc61ec71ac7b27e81616be82027?s=96&d=mm&r=g\",\"caption\":\"laura\"},\"url\":\"https:\\\/\\\/www.magan.at\\\/en\\\/author\\\/laura\\\/\"}]}<\/script>\n<!-- \/ Yoast SEO plugin. -->","yoast_head_json":{"title":"Die Zahl der Immobilienk\u00e4ufe hat in den letzten Monaten zugelegt - Magan","robots":{"index":"index","follow":"follow","max-snippet":"max-snippet:-1","max-image-preview":"max-image-preview:large","max-video-preview":"max-video-preview:-1"},"canonical":"https:\/\/www.magan.at\/die-zahl-der-immobilienkaeufe-hat-in-den-letzten-monaten-zugelegt\/","og_locale":"en_US","og_type":"article","og_title":"Die Zahl der Immobilienk\u00e4ufe hat in den letzten Monaten zugelegt - Magan","og_description":"Nach dem Krisenjahr 2023 d\u00fcrfte sich der deutsche Immobilienmarkt nach Einsch\u00e4tzung des Hamburger Gewos-Instituts erholen. Nach dem Krisenjahr 2023 d\u00fcrfte sich der deutsche Immobilienmarkt nach Einsch\u00e4tzung des Hamburger Gewos-Instituts erholen. Ein wichtiger Grund: F\u00fcr Eigennutzer sei Wohnraum dank der gesunkenen Kaufpreise, etwas niedrigerer Kreditzinsen und steigender L\u00f6hne wieder erschwinglicher geworden, hei\u00dft es in einer neuen [&hellip;]","og_url":"https:\/\/www.magan.at\/die-zahl-der-immobilienkaeufe-hat-in-den-letzten-monaten-zugelegt\/","og_site_name":"Magan","article_published_time":"2024-09-30T14:06:43+00:00","article_modified_time":"2024-09-30T14:06:44+00:00","og_image":[{"width":2560,"height":1164,"url":"https:\/\/www.magan.at\/wp-content\/uploads\/2024\/09\/buyandrent-homes-ufT0GythnvE-unsplash-scaled-e1727705078736.jpg","type":"image\/jpeg"}],"author":"laura","twitter_card":"summary_large_image","twitter_misc":{"Written by":"laura","Est. reading time":"1 minute"},"schema":{"@context":"https:\/\/schema.org","@graph":[{"@type":"Article","@id":"https:\/\/www.magan.at\/die-zahl-der-immobilienkaeufe-hat-in-den-letzten-monaten-zugelegt\/#article","isPartOf":{"@id":"https:\/\/www.magan.at\/die-zahl-der-immobilienkaeufe-hat-in-den-letzten-monaten-zugelegt\/"},"author":{"name":"laura","@id":"https:\/\/www.magan.at\/#\/schema\/person\/9fad71b2c41eb0f0e760e6775e3608fe"},"headline":"Die Zahl der Immobilienk\u00e4ufe hat in den letzten Monaten zugelegt","datePublished":"2024-09-30T14:06:43+00:00","dateModified":"2024-09-30T14:06:44+00:00","mainEntityOfPage":{"@id":"https:\/\/www.magan.at\/die-zahl-der-immobilienkaeufe-hat-in-den-letzten-monaten-zugelegt\/"},"wordCount":141,"commentCount":0,"publisher":{"@id":"https:\/\/www.magan.at\/#organization"},"image":{"@id":"https:\/\/www.magan.at\/die-zahl-der-immobilienkaeufe-hat-in-den-letzten-monaten-zugelegt\/#primaryimage"},"thumbnailUrl":"https:\/\/www.magan.at\/wp-content\/uploads\/2024\/09\/buyandrent-homes-ufT0GythnvE-unsplash-scaled-e1727705078736.jpg","articleSection":["News"],"inLanguage":"en-US","potentialAction":[{"@type":"CommentAction","name":"Comment","target":["https:\/\/www.magan.at\/die-zahl-der-immobilienkaeufe-hat-in-den-letzten-monaten-zugelegt\/#respond"]}]},{"@type":"WebPage","@id":"https:\/\/www.magan.at\/die-zahl-der-immobilienkaeufe-hat-in-den-letzten-monaten-zugelegt\/","url":"https:\/\/www.magan.at\/die-zahl-der-immobilienkaeufe-hat-in-den-letzten-monaten-zugelegt\/","name":"Die Zahl der Immobilienk\u00e4ufe hat in den letzten Monaten zugelegt - Magan","isPartOf":{"@id":"https:\/\/www.magan.at\/#website"},"primaryImageOfPage":{"@id":"https:\/\/www.magan.at\/die-zahl-der-immobilienkaeufe-hat-in-den-letzten-monaten-zugelegt\/#primaryimage"},"image":{"@id":"https:\/\/www.magan.at\/die-zahl-der-immobilienkaeufe-hat-in-den-letzten-monaten-zugelegt\/#primaryimage"},"thumbnailUrl":"https:\/\/www.magan.at\/wp-content\/uploads\/2024\/09\/buyandrent-homes-ufT0GythnvE-unsplash-scaled-e1727705078736.jpg","datePublished":"2024-09-30T14:06:43+00:00","dateModified":"2024-09-30T14:06:44+00:00","breadcrumb":{"@id":"https:\/\/www.magan.at\/die-zahl-der-immobilienkaeufe-hat-in-den-letzten-monaten-zugelegt\/#breadcrumb"},"inLanguage":"en-US","potentialAction":[{"@type":"ReadAction","target":["https:\/\/www.magan.at\/die-zahl-der-immobilienkaeufe-hat-in-den-letzten-monaten-zugelegt\/"]}]},{"@type":"ImageObject","inLanguage":"en-US","@id":"https:\/\/www.magan.at\/die-zahl-der-immobilienkaeufe-hat-in-den-letzten-monaten-zugelegt\/#primaryimage","url":"https:\/\/www.magan.at\/wp-content\/uploads\/2024\/09\/buyandrent-homes-ufT0GythnvE-unsplash-scaled-e1727705078736.jpg","contentUrl":"https:\/\/www.magan.at\/wp-content\/uploads\/2024\/09\/buyandrent-homes-ufT0GythnvE-unsplash-scaled-e1727705078736.jpg","width":2560,"height":1164},{"@type":"BreadcrumbList","@id":"https:\/\/www.magan.at\/die-zahl-der-immobilienkaeufe-hat-in-den-letzten-monaten-zugelegt\/#breadcrumb","itemListElement":[{"@type":"ListItem","position":1,"name":"Home","item":"https:\/\/www.magan.at\/en\/"},{"@type":"ListItem","position":2,"name":"Die Zahl der Immobilienk\u00e4ufe hat in den letzten Monaten zugelegt"}]},{"@type":"WebSite","@id":"https:\/\/www.magan.at\/#website","url":"https:\/\/www.magan.at\/","name":"Magan","description":"EUROPEAN REAL ESTATE  INVESTMENTS CHARTERED SURVEYORS","publisher":{"@id":"https:\/\/www.magan.at\/#organization"},"potentialAction":[{"@type":"SearchAction","target":{"@type":"EntryPoint","urlTemplate":"https:\/\/www.magan.at\/?s={search_term_string}"},"query-input":{"@type":"PropertyValueSpecification","valueRequired":true,"valueName":"search_term_string"}}],"inLanguage":"en-US"},{"@type":"Organization","@id":"https:\/\/www.magan.at\/#organization","name":"Magan","url":"https:\/\/www.magan.at\/","logo":{"@type":"ImageObject","inLanguage":"en-US","@id":"https:\/\/www.magan.at\/#\/schema\/logo\/image\/","url":"https:\/\/www.magan.at\/wp-content\/uploads\/2022\/05\/maganlogo-.png","contentUrl":"https:\/\/www.magan.at\/wp-content\/uploads\/2022\/05\/maganlogo-.png","width":350,"height":95,"caption":"Magan"},"image":{"@id":"https:\/\/www.magan.at\/#\/schema\/logo\/image\/"}},{"@type":"Person","@id":"https:\/\/www.magan.at\/#\/schema\/person\/9fad71b2c41eb0f0e760e6775e3608fe","name":"laura","image":{"@type":"ImageObject","inLanguage":"en-US","@id":"https:\/\/secure.gravatar.com\/avatar\/90012754db3f5ec4a9cd5c103b49119cce90acc61ec71ac7b27e81616be82027?s=96&d=mm&r=g","url":"https:\/\/secure.gravatar.com\/avatar\/90012754db3f5ec4a9cd5c103b49119cce90acc61ec71ac7b27e81616be82027?s=96&d=mm&r=g","contentUrl":"https:\/\/secure.gravatar.com\/avatar\/90012754db3f5ec4a9cd5c103b49119cce90acc61ec71ac7b27e81616be82027?s=96&d=mm&r=g","caption":"laura"},"url":"https:\/\/www.magan.at\/en\/author\/laura\/"}]}},"_links":{"self":[{"href":"https:\/\/www.magan.at\/en\/wp-json\/wp\/v2\/posts\/15274","targetHints":{"allow":["GET"]}}],"collection":[{"href":"https:\/\/www.magan.at\/en\/wp-json\/wp\/v2\/posts"}],"about":[{"href":"https:\/\/www.magan.at\/en\/wp-json\/wp\/v2\/types\/post"}],"author":[{"embeddable":true,"href":"https:\/\/www.magan.at\/en\/wp-json\/wp\/v2\/users\/7"}],"replies":[{"embeddable":true,"href":"https:\/\/www.magan.at\/en\/wp-json\/wp\/v2\/comments?post=15274"}],"version-history":[{"count":2,"href":"https:\/\/www.magan.at\/en\/wp-json\/wp\/v2\/posts\/15274\/revisions"}],"predecessor-version":[{"id":15278,"href":"https:\/\/www.magan.at\/en\/wp-json\/wp\/v2\/posts\/15274\/revisions\/15278"}],"wp:featuredmedia":[{"embeddable":true,"href":"https:\/\/www.magan.at\/en\/wp-json\/wp\/v2\/media\/15275"}],"wp:attachment":[{"href":"https:\/\/www.magan.at\/en\/wp-json\/wp\/v2\/media?parent=15274"}],"wp:term":[{"taxonomy":"category","embeddable":true,"href":"https:\/\/www.magan.at\/en\/wp-json\/wp\/v2\/categories?post=15274"},{"taxonomy":"post_tag","embeddable":true,"href":"https:\/\/www.magan.at\/en\/wp-json\/wp\/v2\/tags?post=15274"}],"curies":[{"name":"wp","href":"https:\/\/api.w.org\/{rel}","templated":true}]}}