{"id":6885,"date":"2022-04-12T11:48:00","date_gmt":"2022-04-12T11:48:00","guid":{"rendered":"https:\/\/www.magan.at\/?p=6885"},"modified":"2022-09-12T11:50:16","modified_gmt":"2022-09-12T11:50:16","slug":"immobilienpreise-in-jena-erfurt-und-weimar-massiv-gestiegen","status":"publish","type":"post","link":"https:\/\/www.magan.at\/en\/immobilienpreise-in-jena-erfurt-und-weimar-massiv-gestiegen\/","title":{"rendered":"Immobilienpreise in Jena, Erfurt und Weimar massiv gestiegen"},"content":{"rendered":"\n<p>In den&nbsp;vergangenen zwei Jahren&nbsp;erlebte der&nbsp;Immobilienmarkt in Th\u00fcringen eine enorme Dynamik. Immobilien in Jena, Erfurt und Weimar waren auch bisher schon sehr teuer, Ende&nbsp;des&nbsp;vergangenen Jahres&nbsp;sind sie&nbsp;aber&nbsp;noch einmal deutlich&nbsp;im Preis&nbsp;gestiegen. \u201eMit einem Zuwachs von rund 18 Prozent sind die Immobilienpreise in Th\u00fcringen im vergangenen Jahr nahezu explodiert\u201c, sagt&nbsp;Stefan Kellner, Chef des M\u00fcnchner Internetportals&nbsp;Scoperty. Dem j\u00fcngsten Marktbericht&nbsp;Scopertys&nbsp;zufolge kletterte der durchschnittliche Sch\u00e4tzwert im vierten Quartal&nbsp;2021&nbsp;auf 1.421&nbsp;Euro&nbsp;pro Quadratmeter. Das sind&nbsp;217 Euro mehr als im ersten Quartal. Am teuersten ist Jena, dann folgt Erfurt vor Weimar.&nbsp;Trotz allem: Im Bundesvergleich rangiert Th\u00fcringen&nbsp;bei den&nbsp;Preisen&nbsp;auf dem vorletzten Platz vor Sachsen-Anhalt.<\/p>\n\n\n\n<h5 class=\"wp-block-heading\">Immobilienpreise in Th\u00fcringen nahezu &#8220;explodiert&#8221;<\/h5>\n\n\n\n<figure class=\"wp-block-image\"><img decoding=\"async\" src=\"https:\/\/www.magan.at\/blog\/wp-content\/uploads\/2022\/04\/Bildschirmfoto-2022-04-01-um-14.36.57-300x67.png\" alt=\"\" class=\"wp-image-151971\"\/><\/figure>\n\n\n\n<p>Immobilien in Jena, Erfurt und Weimar waren auch bisher schon kaum noch erschwinglich. Ende 2021 aber sind die Preise geradezu explodiert.<\/p>\n\n\n\n<p><a href=\"https:\/\/www.thueringer-allgemeine.de\/wirtschaft\/immobilienpreise-in-thueringen-nahezu-explodiert-id234671479.html\">weiterlesen<\/a><\/p>\n","protected":false},"excerpt":{"rendered":"<p>In den&nbsp;vergangenen zwei Jahren&nbsp;erlebte der&nbsp;Immobilienmarkt in Th\u00fcringen eine enorme Dynamik. Immobilien in Jena, Erfurt und Weimar waren auch bisher schon sehr teuer, Ende&nbsp;des&nbsp;vergangenen Jahres&nbsp;sind sie&nbsp;aber&nbsp;noch einmal deutlich&nbsp;im Preis&nbsp;gestiegen. \u201eMit einem Zuwachs von rund 18 Prozent sind die Immobilienpreise in Th\u00fcringen im vergangenen Jahr nahezu explodiert\u201c, sagt&nbsp;Stefan Kellner, Chef des M\u00fcnchner Internetportals&nbsp;Scoperty. Dem j\u00fcngsten Marktbericht&nbsp;Scopertys&nbsp;zufolge kletterte [&hellip;]<\/p>\n","protected":false},"author":2,"featured_media":6887,"comment_status":"open","ping_status":"open","sticky":false,"template":"","format":"standard","meta":{"_acf_changed":false,"inline_featured_image":false,"footnotes":""},"categories":[207],"tags":[],"class_list":["post-6885","post","type-post","status-publish","format-standard","has-post-thumbnail","hentry","category-markt-neue-bundeslaender"],"acf":[],"yoast_head":"<!-- This site is optimized with the Yoast SEO plugin v27.4 - https:\/\/yoast.com\/product\/yoast-seo-wordpress\/ -->\n<title>Immobilienpreise in Jena, Erfurt und Weimar massiv gestiegen - Magan<\/title>\n<meta name=\"robots\" content=\"index, follow, max-snippet:-1, max-image-preview:large, max-video-preview:-1\" \/>\n<link rel=\"canonical\" href=\"https:\/\/www.magan.at\/immobilienpreise-in-jena-erfurt-und-weimar-massiv-gestiegen\/\" \/>\n<meta property=\"og:locale\" content=\"en_US\" \/>\n<meta property=\"og:type\" content=\"article\" \/>\n<meta property=\"og:title\" content=\"Immobilienpreise in Jena, Erfurt und Weimar massiv gestiegen - Magan\" \/>\n<meta property=\"og:description\" content=\"In den&nbsp;vergangenen zwei Jahren&nbsp;erlebte der&nbsp;Immobilienmarkt in Th\u00fcringen eine enorme Dynamik. Immobilien in Jena, Erfurt und Weimar waren auch bisher schon sehr teuer, Ende&nbsp;des&nbsp;vergangenen Jahres&nbsp;sind sie&nbsp;aber&nbsp;noch einmal deutlich&nbsp;im Preis&nbsp;gestiegen. \u201eMit einem Zuwachs von rund 18 Prozent sind die Immobilienpreise in Th\u00fcringen im vergangenen Jahr nahezu explodiert\u201c, sagt&nbsp;Stefan Kellner, Chef des M\u00fcnchner Internetportals&nbsp;Scoperty. Dem j\u00fcngsten Marktbericht&nbsp;Scopertys&nbsp;zufolge kletterte [&hellip;]\" \/>\n<meta property=\"og:url\" content=\"https:\/\/www.magan.at\/immobilienpreise-in-jena-erfurt-und-weimar-massiv-gestiegen\/\" \/>\n<meta property=\"og:site_name\" content=\"Magan\" \/>\n<meta property=\"article:published_time\" content=\"2022-04-12T11:48:00+00:00\" \/>\n<meta property=\"article:modified_time\" content=\"2022-09-12T11:50:16+00:00\" \/>\n<meta property=\"og:image\" content=\"https:\/\/www.magan.at\/wp-content\/uploads\/2022\/04\/mark-fuller-jtbK8FYTsOw-unsplash-1110x550-1.jpeg\" \/>\n\t<meta property=\"og:image:width\" content=\"1110\" \/>\n\t<meta property=\"og:image:height\" content=\"550\" \/>\n\t<meta property=\"og:image:type\" content=\"image\/jpeg\" \/>\n<meta name=\"author\" content=\"vs\" \/>\n<meta name=\"twitter:card\" content=\"summary_large_image\" \/>\n<meta name=\"twitter:label1\" content=\"Written by\" \/>\n\t<meta name=\"twitter:data1\" content=\"vs\" \/>\n\t<meta name=\"twitter:label2\" content=\"Est. reading time\" \/>\n\t<meta name=\"twitter:data2\" content=\"1 minute\" \/>\n<script type=\"application\/ld+json\" class=\"yoast-schema-graph\">{\"@context\":\"https:\\\/\\\/schema.org\",\"@graph\":[{\"@type\":\"Article\",\"@id\":\"https:\\\/\\\/www.magan.at\\\/immobilienpreise-in-jena-erfurt-und-weimar-massiv-gestiegen\\\/#article\",\"isPartOf\":{\"@id\":\"https:\\\/\\\/www.magan.at\\\/immobilienpreise-in-jena-erfurt-und-weimar-massiv-gestiegen\\\/\"},\"author\":{\"name\":\"vs\",\"@id\":\"https:\\\/\\\/www.magan.at\\\/#\\\/schema\\\/person\\\/59b6f4cb187a652bd6962eee7a41b1da\"},\"headline\":\"Immobilienpreise in Jena, Erfurt und Weimar massiv gestiegen\",\"datePublished\":\"2022-04-12T11:48:00+00:00\",\"dateModified\":\"2022-09-12T11:50:16+00:00\",\"mainEntityOfPage\":{\"@id\":\"https:\\\/\\\/www.magan.at\\\/immobilienpreise-in-jena-erfurt-und-weimar-massiv-gestiegen\\\/\"},\"wordCount\":174,\"commentCount\":0,\"publisher\":{\"@id\":\"https:\\\/\\\/www.magan.at\\\/#organization\"},\"image\":{\"@id\":\"https:\\\/\\\/www.magan.at\\\/immobilienpreise-in-jena-erfurt-und-weimar-massiv-gestiegen\\\/#primaryimage\"},\"thumbnailUrl\":\"https:\\\/\\\/www.magan.at\\\/wp-content\\\/uploads\\\/2022\\\/04\\\/mark-fuller-jtbK8FYTsOw-unsplash-1110x550-1.jpeg\",\"articleSection\":[\"Markt Neue Bundesl\u00e4nder\"],\"inLanguage\":\"en-US\",\"potentialAction\":[{\"@type\":\"CommentAction\",\"name\":\"Comment\",\"target\":[\"https:\\\/\\\/www.magan.at\\\/immobilienpreise-in-jena-erfurt-und-weimar-massiv-gestiegen\\\/#respond\"]}]},{\"@type\":\"WebPage\",\"@id\":\"https:\\\/\\\/www.magan.at\\\/immobilienpreise-in-jena-erfurt-und-weimar-massiv-gestiegen\\\/\",\"url\":\"https:\\\/\\\/www.magan.at\\\/immobilienpreise-in-jena-erfurt-und-weimar-massiv-gestiegen\\\/\",\"name\":\"Immobilienpreise in Jena, Erfurt und Weimar massiv gestiegen - Magan\",\"isPartOf\":{\"@id\":\"https:\\\/\\\/www.magan.at\\\/#website\"},\"primaryImageOfPage\":{\"@id\":\"https:\\\/\\\/www.magan.at\\\/immobilienpreise-in-jena-erfurt-und-weimar-massiv-gestiegen\\\/#primaryimage\"},\"image\":{\"@id\":\"https:\\\/\\\/www.magan.at\\\/immobilienpreise-in-jena-erfurt-und-weimar-massiv-gestiegen\\\/#primaryimage\"},\"thumbnailUrl\":\"https:\\\/\\\/www.magan.at\\\/wp-content\\\/uploads\\\/2022\\\/04\\\/mark-fuller-jtbK8FYTsOw-unsplash-1110x550-1.jpeg\",\"datePublished\":\"2022-04-12T11:48:00+00:00\",\"dateModified\":\"2022-09-12T11:50:16+00:00\",\"breadcrumb\":{\"@id\":\"https:\\\/\\\/www.magan.at\\\/immobilienpreise-in-jena-erfurt-und-weimar-massiv-gestiegen\\\/#breadcrumb\"},\"inLanguage\":\"en-US\",\"potentialAction\":[{\"@type\":\"ReadAction\",\"target\":[\"https:\\\/\\\/www.magan.at\\\/immobilienpreise-in-jena-erfurt-und-weimar-massiv-gestiegen\\\/\"]}]},{\"@type\":\"ImageObject\",\"inLanguage\":\"en-US\",\"@id\":\"https:\\\/\\\/www.magan.at\\\/immobilienpreise-in-jena-erfurt-und-weimar-massiv-gestiegen\\\/#primaryimage\",\"url\":\"https:\\\/\\\/www.magan.at\\\/wp-content\\\/uploads\\\/2022\\\/04\\\/mark-fuller-jtbK8FYTsOw-unsplash-1110x550-1.jpeg\",\"contentUrl\":\"https:\\\/\\\/www.magan.at\\\/wp-content\\\/uploads\\\/2022\\\/04\\\/mark-fuller-jtbK8FYTsOw-unsplash-1110x550-1.jpeg\",\"width\":1110,\"height\":550},{\"@type\":\"BreadcrumbList\",\"@id\":\"https:\\\/\\\/www.magan.at\\\/immobilienpreise-in-jena-erfurt-und-weimar-massiv-gestiegen\\\/#breadcrumb\",\"itemListElement\":[{\"@type\":\"ListItem\",\"position\":1,\"name\":\"Home\",\"item\":\"https:\\\/\\\/www.magan.at\\\/en\\\/\"},{\"@type\":\"ListItem\",\"position\":2,\"name\":\"Immobilienpreise in Jena, Erfurt und Weimar massiv gestiegen\"}]},{\"@type\":\"WebSite\",\"@id\":\"https:\\\/\\\/www.magan.at\\\/#website\",\"url\":\"https:\\\/\\\/www.magan.at\\\/\",\"name\":\"Magan\",\"description\":\"EUROPEAN REAL ESTATE  INVESTMENTS CHARTERED SURVEYORS\",\"publisher\":{\"@id\":\"https:\\\/\\\/www.magan.at\\\/#organization\"},\"potentialAction\":[{\"@type\":\"SearchAction\",\"target\":{\"@type\":\"EntryPoint\",\"urlTemplate\":\"https:\\\/\\\/www.magan.at\\\/?s={search_term_string}\"},\"query-input\":{\"@type\":\"PropertyValueSpecification\",\"valueRequired\":true,\"valueName\":\"search_term_string\"}}],\"inLanguage\":\"en-US\"},{\"@type\":\"Organization\",\"@id\":\"https:\\\/\\\/www.magan.at\\\/#organization\",\"name\":\"Magan\",\"url\":\"https:\\\/\\\/www.magan.at\\\/\",\"logo\":{\"@type\":\"ImageObject\",\"inLanguage\":\"en-US\",\"@id\":\"https:\\\/\\\/www.magan.at\\\/#\\\/schema\\\/logo\\\/image\\\/\",\"url\":\"https:\\\/\\\/www.magan.at\\\/wp-content\\\/uploads\\\/2022\\\/05\\\/maganlogo-.png\",\"contentUrl\":\"https:\\\/\\\/www.magan.at\\\/wp-content\\\/uploads\\\/2022\\\/05\\\/maganlogo-.png\",\"width\":350,\"height\":95,\"caption\":\"Magan\"},\"image\":{\"@id\":\"https:\\\/\\\/www.magan.at\\\/#\\\/schema\\\/logo\\\/image\\\/\"}},{\"@type\":\"Person\",\"@id\":\"https:\\\/\\\/www.magan.at\\\/#\\\/schema\\\/person\\\/59b6f4cb187a652bd6962eee7a41b1da\",\"name\":\"vs\",\"image\":{\"@type\":\"ImageObject\",\"inLanguage\":\"en-US\",\"@id\":\"https:\\\/\\\/secure.gravatar.com\\\/avatar\\\/5d5e3ad234d2dab990bab6abba30bdfecd3449c4054495864d48ca9c18f78b4b?s=96&d=mm&r=g\",\"url\":\"https:\\\/\\\/secure.gravatar.com\\\/avatar\\\/5d5e3ad234d2dab990bab6abba30bdfecd3449c4054495864d48ca9c18f78b4b?s=96&d=mm&r=g\",\"contentUrl\":\"https:\\\/\\\/secure.gravatar.com\\\/avatar\\\/5d5e3ad234d2dab990bab6abba30bdfecd3449c4054495864d48ca9c18f78b4b?s=96&d=mm&r=g\",\"caption\":\"vs\"},\"url\":\"https:\\\/\\\/www.magan.at\\\/en\\\/author\\\/vs\\\/\"}]}<\/script>\n<!-- \/ Yoast SEO plugin. -->","yoast_head_json":{"title":"Immobilienpreise in Jena, Erfurt und Weimar massiv gestiegen - Magan","robots":{"index":"index","follow":"follow","max-snippet":"max-snippet:-1","max-image-preview":"max-image-preview:large","max-video-preview":"max-video-preview:-1"},"canonical":"https:\/\/www.magan.at\/immobilienpreise-in-jena-erfurt-und-weimar-massiv-gestiegen\/","og_locale":"en_US","og_type":"article","og_title":"Immobilienpreise in Jena, Erfurt und Weimar massiv gestiegen - Magan","og_description":"In den&nbsp;vergangenen zwei Jahren&nbsp;erlebte der&nbsp;Immobilienmarkt in Th\u00fcringen eine enorme Dynamik. Immobilien in Jena, Erfurt und Weimar waren auch bisher schon sehr teuer, Ende&nbsp;des&nbsp;vergangenen Jahres&nbsp;sind sie&nbsp;aber&nbsp;noch einmal deutlich&nbsp;im Preis&nbsp;gestiegen. \u201eMit einem Zuwachs von rund 18 Prozent sind die Immobilienpreise in Th\u00fcringen im vergangenen Jahr nahezu explodiert\u201c, sagt&nbsp;Stefan Kellner, Chef des M\u00fcnchner Internetportals&nbsp;Scoperty. Dem j\u00fcngsten Marktbericht&nbsp;Scopertys&nbsp;zufolge kletterte [&hellip;]","og_url":"https:\/\/www.magan.at\/immobilienpreise-in-jena-erfurt-und-weimar-massiv-gestiegen\/","og_site_name":"Magan","article_published_time":"2022-04-12T11:48:00+00:00","article_modified_time":"2022-09-12T11:50:16+00:00","og_image":[{"width":1110,"height":550,"url":"https:\/\/www.magan.at\/wp-content\/uploads\/2022\/04\/mark-fuller-jtbK8FYTsOw-unsplash-1110x550-1.jpeg","type":"image\/jpeg"}],"author":"vs","twitter_card":"summary_large_image","twitter_misc":{"Written by":"vs","Est. reading time":"1 minute"},"schema":{"@context":"https:\/\/schema.org","@graph":[{"@type":"Article","@id":"https:\/\/www.magan.at\/immobilienpreise-in-jena-erfurt-und-weimar-massiv-gestiegen\/#article","isPartOf":{"@id":"https:\/\/www.magan.at\/immobilienpreise-in-jena-erfurt-und-weimar-massiv-gestiegen\/"},"author":{"name":"vs","@id":"https:\/\/www.magan.at\/#\/schema\/person\/59b6f4cb187a652bd6962eee7a41b1da"},"headline":"Immobilienpreise in Jena, Erfurt und Weimar massiv gestiegen","datePublished":"2022-04-12T11:48:00+00:00","dateModified":"2022-09-12T11:50:16+00:00","mainEntityOfPage":{"@id":"https:\/\/www.magan.at\/immobilienpreise-in-jena-erfurt-und-weimar-massiv-gestiegen\/"},"wordCount":174,"commentCount":0,"publisher":{"@id":"https:\/\/www.magan.at\/#organization"},"image":{"@id":"https:\/\/www.magan.at\/immobilienpreise-in-jena-erfurt-und-weimar-massiv-gestiegen\/#primaryimage"},"thumbnailUrl":"https:\/\/www.magan.at\/wp-content\/uploads\/2022\/04\/mark-fuller-jtbK8FYTsOw-unsplash-1110x550-1.jpeg","articleSection":["Markt Neue Bundesl\u00e4nder"],"inLanguage":"en-US","potentialAction":[{"@type":"CommentAction","name":"Comment","target":["https:\/\/www.magan.at\/immobilienpreise-in-jena-erfurt-und-weimar-massiv-gestiegen\/#respond"]}]},{"@type":"WebPage","@id":"https:\/\/www.magan.at\/immobilienpreise-in-jena-erfurt-und-weimar-massiv-gestiegen\/","url":"https:\/\/www.magan.at\/immobilienpreise-in-jena-erfurt-und-weimar-massiv-gestiegen\/","name":"Immobilienpreise in Jena, Erfurt und Weimar massiv gestiegen - Magan","isPartOf":{"@id":"https:\/\/www.magan.at\/#website"},"primaryImageOfPage":{"@id":"https:\/\/www.magan.at\/immobilienpreise-in-jena-erfurt-und-weimar-massiv-gestiegen\/#primaryimage"},"image":{"@id":"https:\/\/www.magan.at\/immobilienpreise-in-jena-erfurt-und-weimar-massiv-gestiegen\/#primaryimage"},"thumbnailUrl":"https:\/\/www.magan.at\/wp-content\/uploads\/2022\/04\/mark-fuller-jtbK8FYTsOw-unsplash-1110x550-1.jpeg","datePublished":"2022-04-12T11:48:00+00:00","dateModified":"2022-09-12T11:50:16+00:00","breadcrumb":{"@id":"https:\/\/www.magan.at\/immobilienpreise-in-jena-erfurt-und-weimar-massiv-gestiegen\/#breadcrumb"},"inLanguage":"en-US","potentialAction":[{"@type":"ReadAction","target":["https:\/\/www.magan.at\/immobilienpreise-in-jena-erfurt-und-weimar-massiv-gestiegen\/"]}]},{"@type":"ImageObject","inLanguage":"en-US","@id":"https:\/\/www.magan.at\/immobilienpreise-in-jena-erfurt-und-weimar-massiv-gestiegen\/#primaryimage","url":"https:\/\/www.magan.at\/wp-content\/uploads\/2022\/04\/mark-fuller-jtbK8FYTsOw-unsplash-1110x550-1.jpeg","contentUrl":"https:\/\/www.magan.at\/wp-content\/uploads\/2022\/04\/mark-fuller-jtbK8FYTsOw-unsplash-1110x550-1.jpeg","width":1110,"height":550},{"@type":"BreadcrumbList","@id":"https:\/\/www.magan.at\/immobilienpreise-in-jena-erfurt-und-weimar-massiv-gestiegen\/#breadcrumb","itemListElement":[{"@type":"ListItem","position":1,"name":"Home","item":"https:\/\/www.magan.at\/en\/"},{"@type":"ListItem","position":2,"name":"Immobilienpreise in Jena, Erfurt und Weimar massiv gestiegen"}]},{"@type":"WebSite","@id":"https:\/\/www.magan.at\/#website","url":"https:\/\/www.magan.at\/","name":"Magan","description":"EUROPEAN REAL ESTATE  INVESTMENTS CHARTERED SURVEYORS","publisher":{"@id":"https:\/\/www.magan.at\/#organization"},"potentialAction":[{"@type":"SearchAction","target":{"@type":"EntryPoint","urlTemplate":"https:\/\/www.magan.at\/?s={search_term_string}"},"query-input":{"@type":"PropertyValueSpecification","valueRequired":true,"valueName":"search_term_string"}}],"inLanguage":"en-US"},{"@type":"Organization","@id":"https:\/\/www.magan.at\/#organization","name":"Magan","url":"https:\/\/www.magan.at\/","logo":{"@type":"ImageObject","inLanguage":"en-US","@id":"https:\/\/www.magan.at\/#\/schema\/logo\/image\/","url":"https:\/\/www.magan.at\/wp-content\/uploads\/2022\/05\/maganlogo-.png","contentUrl":"https:\/\/www.magan.at\/wp-content\/uploads\/2022\/05\/maganlogo-.png","width":350,"height":95,"caption":"Magan"},"image":{"@id":"https:\/\/www.magan.at\/#\/schema\/logo\/image\/"}},{"@type":"Person","@id":"https:\/\/www.magan.at\/#\/schema\/person\/59b6f4cb187a652bd6962eee7a41b1da","name":"vs","image":{"@type":"ImageObject","inLanguage":"en-US","@id":"https:\/\/secure.gravatar.com\/avatar\/5d5e3ad234d2dab990bab6abba30bdfecd3449c4054495864d48ca9c18f78b4b?s=96&d=mm&r=g","url":"https:\/\/secure.gravatar.com\/avatar\/5d5e3ad234d2dab990bab6abba30bdfecd3449c4054495864d48ca9c18f78b4b?s=96&d=mm&r=g","contentUrl":"https:\/\/secure.gravatar.com\/avatar\/5d5e3ad234d2dab990bab6abba30bdfecd3449c4054495864d48ca9c18f78b4b?s=96&d=mm&r=g","caption":"vs"},"url":"https:\/\/www.magan.at\/en\/author\/vs\/"}]}},"_links":{"self":[{"href":"https:\/\/www.magan.at\/en\/wp-json\/wp\/v2\/posts\/6885","targetHints":{"allow":["GET"]}}],"collection":[{"href":"https:\/\/www.magan.at\/en\/wp-json\/wp\/v2\/posts"}],"about":[{"href":"https:\/\/www.magan.at\/en\/wp-json\/wp\/v2\/types\/post"}],"author":[{"embeddable":true,"href":"https:\/\/www.magan.at\/en\/wp-json\/wp\/v2\/users\/2"}],"replies":[{"embeddable":true,"href":"https:\/\/www.magan.at\/en\/wp-json\/wp\/v2\/comments?post=6885"}],"version-history":[{"count":0,"href":"https:\/\/www.magan.at\/en\/wp-json\/wp\/v2\/posts\/6885\/revisions"}],"wp:featuredmedia":[{"embeddable":true,"href":"https:\/\/www.magan.at\/en\/wp-json\/wp\/v2\/media\/6887"}],"wp:attachment":[{"href":"https:\/\/www.magan.at\/en\/wp-json\/wp\/v2\/media?parent=6885"}],"wp:term":[{"taxonomy":"category","embeddable":true,"href":"https:\/\/www.magan.at\/en\/wp-json\/wp\/v2\/categories?post=6885"},{"taxonomy":"post_tag","embeddable":true,"href":"https:\/\/www.magan.at\/en\/wp-json\/wp\/v2\/tags?post=6885"}],"curies":[{"name":"wp","href":"https:\/\/api.w.org\/{rel}","templated":true}]}}