{"id":6907,"date":"2022-04-01T12:07:00","date_gmt":"2022-04-01T12:07:00","guid":{"rendered":"https:\/\/www.magan.at\/?p=6907"},"modified":"2022-09-12T12:09:04","modified_gmt":"2022-09-12T12:09:04","slug":"krieg","status":"publish","type":"post","link":"https:\/\/www.magan.at\/en\/krieg\/","title":{"rendered":"KRIEG!"},"content":{"rendered":"\n<p>Ich kann mich noch gut erinnern, wie ich am Abend des 12. Juni 1994&nbsp;\u2013&nbsp;der Tag, an dem&nbsp;die&nbsp;Abstimmung \u00d6sterreichs \u00fcber den EU-Beitritt&nbsp;stattfand \u2013&nbsp;nach Bekanntwerden des triumphalen Ergebnisses von&nbsp;zwei Drittel&nbsp;Ja-Stimmen Au\u00dfenminister Alois Mock bescheiden,&nbsp;wie es seiner Person entsprach, am Graben bei einem W\u00fcrstelstand mit Mitarbeitern \u201efeiern\u201c sah. Passanten jubelten ihm zu,&nbsp;und alle freuten sich.<\/p>\n\n\n\n<p>Auch ich war begeistert, weil ich so wie viele andere&nbsp;angesichts des&nbsp;raschen&nbsp;Wachsensder Union der Idee anhing, dass es sich bei diesem Zusammenschluss vor allem um ein Friedensprojekt handelte. Und dass die richtigen Lehren und Schl\u00fcsse aus den zwei schrecklichen Weltkriegen des 20. Jahrhunderts gezogen worden waren.&nbsp;<\/p>\n\n\n\n<p>Ebenfalls erinnere ich mich an die Rede&nbsp;Wladimir Putins \u2013 in flie\u00dfendem Deutsch gehalten \u2013 im September 2001 im Berliner Reichstag. Er sagte damals unter anderem,&nbsp;\u201edas Herz Russlands sei f\u00fcr eine&nbsp;vollwertige Zusammenarbeit und Partnerschaft ge\u00f6ffnet\u201c, \u201eder Geist der Demokratie und der Freiheit habe die \u00fcberwiegende Mehrheit der russischen B\u00fcrger ergriffen\u201c, \u201ewir unterst\u00fctzen die europ\u00e4ische Integration und sehen&nbsp;sie mit Hoffnung, wir tun das als ein Volk, das gute Lehren aus dem&nbsp;Kalten Krieg und aus der verderblichen Okkupationsideologie gezogen hat\u201c.<\/p>\n\n\n\n<p>Schnitt. Fr\u00fchjahr 2022.&nbsp;<\/p>\n\n\n\n<p>Es herrscht Krieg in Europa, nur ca. 500&nbsp;Kilometer&nbsp;Luftlinie von Wien entfernt. Alles ist pl\u00f6tzlich anders. Wir sind zur\u00fcck im&nbsp;Kalten (hei\u00dfen?) Krieg.<\/p>\n\n\n\n<p>Es ist schwer,&nbsp;das menschliche Leid, das mit dieser Ersch\u00fctterung einhergeht, auszublenden,&nbsp;und es g\u00e4be&nbsp;noch&nbsp;viele andere Aspekte, die diskussionsw\u00fcrdig w\u00e4ren. Ich werde aber versuchen,&nbsp;mich&nbsp;hier&nbsp;auf die Auswirkungen des Krieges auf die Immobilienwirtschaft zu fokussieren.<\/p>\n\n\n\n<p>Vor ziemlich genau&nbsp;zwei&nbsp;Jahren mussten wir uns mit der Frage auseinandersetzen, wie sich die&nbsp;Coronapandemie&nbsp;auf die Immobilienbranche auswirken wird. Kaum \u00fcberwunden bzw. noch mittendrin steckend, sind wir schon gezwungen,&nbsp;uns mit der n\u00e4chsten systemrelevanten Krise zu besch\u00e4ftigen.<\/p>\n\n\n\n<p>Realistisch gesehen ist eine Vorhersage, wie es mit der Wirtschaft im Allgemeinen und der Immobilienbranche im&nbsp;Speziellen weitergehen wird, nicht pauschal zu treffen. Alles h\u00e4ngt davon ab, wie lange dieser Konflikt&nbsp;dauert&nbsp;und welche Eskalationsstufe m\u00f6glicherweise noch gez\u00fcndet werden wird.<\/p>\n\n\n\n<p>Dazu kommt, dass wir uns generell in einer Zeit vielf\u00e4ltiger, parallel auftretender Herausforderungen und Bedrohungen befinden. Pandemie, Krieg, Inflation, Zinswende, Kosten f\u00fcr den Klimawandel, da sind ziemlich viele B\u00e4lle in der Luft,&nbsp;und es f\u00e4llt schwer,alle noch gleichzeitig im Auge zu behalten.<\/p>\n\n\n\n<p>Wie sich zum Beispiel die Zinsen weiterentwickeln werden, wage ich nicht vorauszusehen, da gibt es berufenere K\u00f6pfe (und insbesondere den Kopf von Frau&nbsp;Lagarde). Aber&nbsp;es ist&nbsp;schon interessant, welche sich widersprechenden Kr\u00e4fte da gerade auf die Zinskurve einwirken, einerseits die davongaloppierende Inflation, andererseits die Staatsverschuldungen, die durch niedrige Zinsen finanzierbar bleiben sollen und die durch Krieg und Klimawandel,&nbsp;Coronakosten&nbsp;etc. in der n\u00e4chsten Zeit noch einmal anzuwachsen drohen. Viele Lehren der Volkswirtschaft werden gerade von der Realit\u00e4t neu geschrieben.<\/p>\n\n\n\n<p>Relativ sicher ist, dass der Krieg gegen die Ukraine als Beschleuniger f\u00fcr den Klimaschutz wirken wird, auch wenn das Thema momentan etwas in dem Hintergrund ger\u00fcckt ist. Der Ausstieg aus fossilen Brennstoffen bzw. die Flucht aus der Abh\u00e4ngigkeit von russischen Gaslieferungen wird die Energiewende beschleunigen. Jedenfalls mittelfristig, vorerst m\u00fcssen wir noch als Bittsteller zu arabischen Despoten pilgern.<\/p>\n\n\n\n<p>Ebenso ist davon auszugehen, dass die Baupreise&nbsp;weiter steil steigen werden.&nbsp;Energie\u2013und Transportkosten, Materialknappheit, Fachkr\u00e4ftemangel, Unterbrechung der Lieferketten, nicht zuletzt durch die&nbsp;Lockdowns&nbsp;in China infolge Corona&nbsp;\u2013&nbsp;das alles sind massive Preistreiber.&nbsp;Das bedeutet weiter, auch der Immobilienbestand kann nicht wesentlich billiger werden. Selbst wenn die&nbsp;Yield\u2013Compression&nbsp;infolge steigender Zinsen nachlassen sollte und die Renditen wieder sanft steigen&nbsp;w\u00fcrden:&nbsp;je&nbsp;teurer der Neubau, desto teuer auch der Altbau. Eine \u00e4hnliche Entwicklung sieht man interessanterweise derzeit auch bei den Autopreisen, Gebrauchtwagen werden&nbsp;aufgrund&nbsp;der Knappheit immer teurer.<\/p>\n\n\n\n<p>Wir wissen noch nicht,&nbsp;wie viele Millionen Menschen aus der Ukraine fliehen werden und ob&nbsp;sie schlie\u00dflich auch in Westeuropa sesshaft&nbsp;werden,&nbsp;wenn&nbsp;der Krieg eines Tages beendet ist. Jedenfalls kommt es zur gr\u00f6\u00dften Wanderungsbewegung nach dem&nbsp;Zweiten&nbsp;Weltkrieg. Das generiert auch zus\u00e4tzliche Wohnungsnachfrage. Das Forschungsinstitut&nbsp;Empirica&nbsp;berechnet, dass im Maximalfall&nbsp;etwa&nbsp;1,3 Millionen Menschen aus der Ukraine nach Deutschland kommen w\u00fcrden, die 500.000 zus\u00e4tzliche Wohnungen in der Bundesrepublik nachfragen k\u00f6nnten.<\/p>\n\n\n\n<p>Was wir (erwartungsgem\u00e4\u00df) nat\u00fcrlich auch sehen, ist, dass Ziegelgold ebenso wie echtes Gold als Krisenw\u00e4hrung gilt.&nbsp;Dazu&nbsp;kommt&nbsp;noch die hohe Inflation, die Bargeldverm\u00f6gen vernichtet.&nbsp;Der Druck auf die Immobilienm\u00e4rkte ist&nbsp;daher&nbsp;mitunter atemberaubend, ganze Teilm\u00e4rkte werden \u201eleergekauft\u201c,&nbsp;und das nicht nur in Mitteleuropa, sondern vor allem auch im s\u00fcdlichen \u201eSunshine&nbsp;Belt\u201c.<\/p>\n\n\n\n<p>Auch wir&nbsp;in der MAGAN Gruppe sp\u00fcren diesen zus\u00e4tzlichen Boom und Druck bei unseren Transaktionen in den neuen deutschen Bundesl\u00e4ndern. Renditen sind oft sekund\u00e4r, es geht in erster Linie um die Asset\u2013Protection.<\/p>\n\n\n\n<p>Das hei\u00dft \u00fcbersetzt, mittelfristig ist aus meiner Sicht nicht zu erwarten, dass der Nachfragedruck&nbsp;bei&nbsp;Immobilien nachl\u00e4sst, folglich k\u00f6nnen die Preise auch nicht fallen, eher im Gegenteil. Selbst moderate Zinsanhebungen w\u00fcrden diesen Hype noch nicht brechen.<\/p>\n\n\n\n<p>Das k\u00f6nnte schnell zu dem Schluss f\u00fchren, dass es kein W\u00f6lkchen am Immobilienhimmel gibt,&nbsp;das&nbsp;die sonnigen Aussichten zu tr\u00fcben vermag.<\/p>\n\n\n\n<p>Aber es sind schwierige Zeiten f\u00fcr Wahrsager.&nbsp;Wer h\u00e4tte vor&nbsp;drei&nbsp;Jahren eine Pandemie vorausgesagt oder noch vor einem halben Jahr die wiederaufflammende Gefahr eines (atomaren) Weltkriegs?&nbsp;<\/p>\n\n\n\n<p>Es gibt vor allem ein Thema, bei dem ich mir in der Beurteilung wirklich schwertue und dessen Auswirkungen&nbsp;ich&nbsp;nicht ganz fassen kann.<\/p>\n\n\n\n<p>Und das w\u00e4re ein tats\u00e4chlicher Liefer- oder Importstopp&nbsp;von&nbsp;russischem Gas&nbsp;samt dendaraus resultierenden Folgen, von \u201eFrieren f\u00fcr den Frieden\u201c, wie es der ehemalige deutsche Bundespr\u00e4sident Joachim Gauck unl\u00e4ngst sinngem\u00e4\u00df ausdr\u00fcckte, bis hin zu hoher Arbeitslosigkeit infolge eines breitfl\u00e4chigen Energieausfalls in der Industrie.<\/p>\n\n\n\n<p>Wir wagen es uns kaum auszumalen, was wirklich passieren w\u00fcrde, wenn in \u00d6sterreich, das zu 80&nbsp;Prozent&nbsp;von russischem Gas abh\u00e4ngig ist, die Lieferungen ausblieben.<\/p>\n\n\n\n<p>Abgesehen&nbsp;einmal von der&nbsp;Temperaturthematik,&nbsp;einer&nbsp;direkten&nbsp;Auswirkung&nbsp;auf unsere Branche, wie ginge es mit&nbsp;den&nbsp;Mietzahlungen weiter, falls viele Bestandsobjekt quasi \u201eunbrauchbar\u201c w\u00e4ren? Die Materie hatten wir ja schon in abgewandelter Form bei Corona und den Gesch\u00e4ftsraummieten&nbsp;\u2013&nbsp;wenn es aber um Wohnraum ginge, dann w\u00e4re das ein viel gr\u00f6\u00dferes politisches und soziales Brennpunktthema. Siehe auch die mehrmalige Verschiebung der Inflationsanpassung bei Richtwertmieten. \u00dcbrigens wird es auch bei den n\u00e4chstj\u00e4hrigen Betriebskostenabrechnungen, inklusive Heizkosten, unliebsame \u00dcberraschungen geben.<\/p>\n\n\n\n<p>Die Vermieter werden es sich schon leisten k\u00f6nnen, scheint nonchalant gesagt eine allgemein g\u00fcltige These zu sein.<\/p>\n\n\n\n<p>Und wer den Energiewandel von&nbsp;der&nbsp;W\u00e4rmed\u00e4mmung bis zur Umstellung auf nicht fossile Heizungssystemen bezahlen soll, das haben wir dann noch gar nicht besprochen.<\/p>\n\n\n\n<p>Tja, schnell zeigen sich bei l\u00e4ngerem Nachdenken dann doch einige W\u00f6lkchen am Firmament.<\/p>\n\n\n\n<p>Es wird also weiter viel nachzudenken geben,&nbsp;und es bleibt (gruselig) spannend.<\/p>\n\n\n\n<p>Time will&nbsp;tell.<\/p>\n","protected":false},"excerpt":{"rendered":"<p>Ich kann mich noch gut erinnern, wie ich am Abend des 12. Juni 1994&nbsp;\u2013&nbsp;der Tag, an dem&nbsp;die&nbsp;Abstimmung \u00d6sterreichs \u00fcber den EU-Beitritt&nbsp;stattfand \u2013&nbsp;nach Bekanntwerden des triumphalen Ergebnisses von&nbsp;zwei Drittel&nbsp;Ja-Stimmen Au\u00dfenminister Alois Mock bescheiden,&nbsp;wie es seiner Person entsprach, am Graben bei einem W\u00fcrstelstand mit Mitarbeitern \u201efeiern\u201c sah. Passanten jubelten ihm zu,&nbsp;und alle freuten sich. Auch ich war [&hellip;]<\/p>\n","protected":false},"author":2,"featured_media":6871,"comment_status":"open","ping_status":"open","sticky":false,"template":"","format":"standard","meta":{"_acf_changed":false,"inline_featured_image":false,"footnotes":""},"categories":[204],"tags":[],"class_list":["post-6907","post","type-post","status-publish","format-standard","has-post-thumbnail","hentry","category-meinung-a-neuhuber"],"acf":[],"yoast_head":"<!-- This site is optimized with the Yoast SEO plugin v27.4 - https:\/\/yoast.com\/product\/yoast-seo-wordpress\/ -->\n<title>KRIEG! - Magan<\/title>\n<meta name=\"robots\" content=\"index, follow, max-snippet:-1, max-image-preview:large, max-video-preview:-1\" \/>\n<link rel=\"canonical\" href=\"https:\/\/www.magan.at\/krieg\/\" \/>\n<meta property=\"og:locale\" content=\"en_US\" \/>\n<meta property=\"og:type\" content=\"article\" \/>\n<meta property=\"og:title\" content=\"KRIEG! - Magan\" \/>\n<meta property=\"og:description\" content=\"Ich kann mich noch gut erinnern, wie ich am Abend des 12. Juni 1994&nbsp;\u2013&nbsp;der Tag, an dem&nbsp;die&nbsp;Abstimmung \u00d6sterreichs \u00fcber den EU-Beitritt&nbsp;stattfand \u2013&nbsp;nach Bekanntwerden des triumphalen Ergebnisses von&nbsp;zwei Drittel&nbsp;Ja-Stimmen Au\u00dfenminister Alois Mock bescheiden,&nbsp;wie es seiner Person entsprach, am Graben bei einem W\u00fcrstelstand mit Mitarbeitern \u201efeiern\u201c sah. Passanten jubelten ihm zu,&nbsp;und alle freuten sich. Auch ich war [&hellip;]\" \/>\n<meta property=\"og:url\" content=\"https:\/\/www.magan.at\/krieg\/\" \/>\n<meta property=\"og:site_name\" content=\"Magan\" \/>\n<meta property=\"article:published_time\" content=\"2022-04-01T12:07:00+00:00\" \/>\n<meta property=\"article:modified_time\" content=\"2022-09-12T12:09:04+00:00\" \/>\n<meta property=\"og:image\" content=\"https:\/\/www.magan.at\/wp-content\/uploads\/2022\/09\/n1.jpeg\" \/>\n\t<meta property=\"og:image:width\" content=\"900\" \/>\n\t<meta property=\"og:image:height\" content=\"445\" \/>\n\t<meta property=\"og:image:type\" content=\"image\/jpeg\" \/>\n<meta name=\"author\" content=\"vs\" \/>\n<meta name=\"twitter:card\" content=\"summary_large_image\" \/>\n<meta name=\"twitter:label1\" content=\"Written by\" \/>\n\t<meta name=\"twitter:data1\" content=\"vs\" \/>\n\t<meta name=\"twitter:label2\" content=\"Est. reading time\" \/>\n\t<meta name=\"twitter:data2\" content=\"6 minutes\" \/>\n<script type=\"application\/ld+json\" class=\"yoast-schema-graph\">{\"@context\":\"https:\\\/\\\/schema.org\",\"@graph\":[{\"@type\":\"Article\",\"@id\":\"https:\\\/\\\/www.magan.at\\\/krieg\\\/#article\",\"isPartOf\":{\"@id\":\"https:\\\/\\\/www.magan.at\\\/krieg\\\/\"},\"author\":{\"name\":\"vs\",\"@id\":\"https:\\\/\\\/www.magan.at\\\/#\\\/schema\\\/person\\\/59b6f4cb187a652bd6962eee7a41b1da\"},\"headline\":\"KRIEG!\",\"datePublished\":\"2022-04-01T12:07:00+00:00\",\"dateModified\":\"2022-09-12T12:09:04+00:00\",\"mainEntityOfPage\":{\"@id\":\"https:\\\/\\\/www.magan.at\\\/krieg\\\/\"},\"wordCount\":1258,\"commentCount\":0,\"publisher\":{\"@id\":\"https:\\\/\\\/www.magan.at\\\/#organization\"},\"image\":{\"@id\":\"https:\\\/\\\/www.magan.at\\\/krieg\\\/#primaryimage\"},\"thumbnailUrl\":\"https:\\\/\\\/www.magan.at\\\/wp-content\\\/uploads\\\/2022\\\/09\\\/n1.jpeg\",\"articleSection\":[\"Meinung A. Neuhuber\"],\"inLanguage\":\"en-US\",\"potentialAction\":[{\"@type\":\"CommentAction\",\"name\":\"Comment\",\"target\":[\"https:\\\/\\\/www.magan.at\\\/krieg\\\/#respond\"]}]},{\"@type\":\"WebPage\",\"@id\":\"https:\\\/\\\/www.magan.at\\\/krieg\\\/\",\"url\":\"https:\\\/\\\/www.magan.at\\\/krieg\\\/\",\"name\":\"KRIEG! - Magan\",\"isPartOf\":{\"@id\":\"https:\\\/\\\/www.magan.at\\\/#website\"},\"primaryImageOfPage\":{\"@id\":\"https:\\\/\\\/www.magan.at\\\/krieg\\\/#primaryimage\"},\"image\":{\"@id\":\"https:\\\/\\\/www.magan.at\\\/krieg\\\/#primaryimage\"},\"thumbnailUrl\":\"https:\\\/\\\/www.magan.at\\\/wp-content\\\/uploads\\\/2022\\\/09\\\/n1.jpeg\",\"datePublished\":\"2022-04-01T12:07:00+00:00\",\"dateModified\":\"2022-09-12T12:09:04+00:00\",\"breadcrumb\":{\"@id\":\"https:\\\/\\\/www.magan.at\\\/krieg\\\/#breadcrumb\"},\"inLanguage\":\"en-US\",\"potentialAction\":[{\"@type\":\"ReadAction\",\"target\":[\"https:\\\/\\\/www.magan.at\\\/krieg\\\/\"]}]},{\"@type\":\"ImageObject\",\"inLanguage\":\"en-US\",\"@id\":\"https:\\\/\\\/www.magan.at\\\/krieg\\\/#primaryimage\",\"url\":\"https:\\\/\\\/www.magan.at\\\/wp-content\\\/uploads\\\/2022\\\/09\\\/n1.jpeg\",\"contentUrl\":\"https:\\\/\\\/www.magan.at\\\/wp-content\\\/uploads\\\/2022\\\/09\\\/n1.jpeg\",\"width\":900,\"height\":445},{\"@type\":\"BreadcrumbList\",\"@id\":\"https:\\\/\\\/www.magan.at\\\/krieg\\\/#breadcrumb\",\"itemListElement\":[{\"@type\":\"ListItem\",\"position\":1,\"name\":\"Home\",\"item\":\"https:\\\/\\\/www.magan.at\\\/en\\\/\"},{\"@type\":\"ListItem\",\"position\":2,\"name\":\"KRIEG!\"}]},{\"@type\":\"WebSite\",\"@id\":\"https:\\\/\\\/www.magan.at\\\/#website\",\"url\":\"https:\\\/\\\/www.magan.at\\\/\",\"name\":\"Magan\",\"description\":\"EUROPEAN REAL ESTATE  INVESTMENTS CHARTERED SURVEYORS\",\"publisher\":{\"@id\":\"https:\\\/\\\/www.magan.at\\\/#organization\"},\"potentialAction\":[{\"@type\":\"SearchAction\",\"target\":{\"@type\":\"EntryPoint\",\"urlTemplate\":\"https:\\\/\\\/www.magan.at\\\/?s={search_term_string}\"},\"query-input\":{\"@type\":\"PropertyValueSpecification\",\"valueRequired\":true,\"valueName\":\"search_term_string\"}}],\"inLanguage\":\"en-US\"},{\"@type\":\"Organization\",\"@id\":\"https:\\\/\\\/www.magan.at\\\/#organization\",\"name\":\"Magan\",\"url\":\"https:\\\/\\\/www.magan.at\\\/\",\"logo\":{\"@type\":\"ImageObject\",\"inLanguage\":\"en-US\",\"@id\":\"https:\\\/\\\/www.magan.at\\\/#\\\/schema\\\/logo\\\/image\\\/\",\"url\":\"https:\\\/\\\/www.magan.at\\\/wp-content\\\/uploads\\\/2022\\\/05\\\/maganlogo-.png\",\"contentUrl\":\"https:\\\/\\\/www.magan.at\\\/wp-content\\\/uploads\\\/2022\\\/05\\\/maganlogo-.png\",\"width\":350,\"height\":95,\"caption\":\"Magan\"},\"image\":{\"@id\":\"https:\\\/\\\/www.magan.at\\\/#\\\/schema\\\/logo\\\/image\\\/\"}},{\"@type\":\"Person\",\"@id\":\"https:\\\/\\\/www.magan.at\\\/#\\\/schema\\\/person\\\/59b6f4cb187a652bd6962eee7a41b1da\",\"name\":\"vs\",\"image\":{\"@type\":\"ImageObject\",\"inLanguage\":\"en-US\",\"@id\":\"https:\\\/\\\/secure.gravatar.com\\\/avatar\\\/5d5e3ad234d2dab990bab6abba30bdfecd3449c4054495864d48ca9c18f78b4b?s=96&d=mm&r=g\",\"url\":\"https:\\\/\\\/secure.gravatar.com\\\/avatar\\\/5d5e3ad234d2dab990bab6abba30bdfecd3449c4054495864d48ca9c18f78b4b?s=96&d=mm&r=g\",\"contentUrl\":\"https:\\\/\\\/secure.gravatar.com\\\/avatar\\\/5d5e3ad234d2dab990bab6abba30bdfecd3449c4054495864d48ca9c18f78b4b?s=96&d=mm&r=g\",\"caption\":\"vs\"},\"url\":\"https:\\\/\\\/www.magan.at\\\/en\\\/author\\\/vs\\\/\"}]}<\/script>\n<!-- \/ Yoast SEO plugin. -->","yoast_head_json":{"title":"KRIEG! - Magan","robots":{"index":"index","follow":"follow","max-snippet":"max-snippet:-1","max-image-preview":"max-image-preview:large","max-video-preview":"max-video-preview:-1"},"canonical":"https:\/\/www.magan.at\/krieg\/","og_locale":"en_US","og_type":"article","og_title":"KRIEG! - Magan","og_description":"Ich kann mich noch gut erinnern, wie ich am Abend des 12. Juni 1994&nbsp;\u2013&nbsp;der Tag, an dem&nbsp;die&nbsp;Abstimmung \u00d6sterreichs \u00fcber den EU-Beitritt&nbsp;stattfand \u2013&nbsp;nach Bekanntwerden des triumphalen Ergebnisses von&nbsp;zwei Drittel&nbsp;Ja-Stimmen Au\u00dfenminister Alois Mock bescheiden,&nbsp;wie es seiner Person entsprach, am Graben bei einem W\u00fcrstelstand mit Mitarbeitern \u201efeiern\u201c sah. Passanten jubelten ihm zu,&nbsp;und alle freuten sich. Auch ich war [&hellip;]","og_url":"https:\/\/www.magan.at\/krieg\/","og_site_name":"Magan","article_published_time":"2022-04-01T12:07:00+00:00","article_modified_time":"2022-09-12T12:09:04+00:00","og_image":[{"width":900,"height":445,"url":"https:\/\/www.magan.at\/wp-content\/uploads\/2022\/09\/n1.jpeg","type":"image\/jpeg"}],"author":"vs","twitter_card":"summary_large_image","twitter_misc":{"Written by":"vs","Est. reading time":"6 minutes"},"schema":{"@context":"https:\/\/schema.org","@graph":[{"@type":"Article","@id":"https:\/\/www.magan.at\/krieg\/#article","isPartOf":{"@id":"https:\/\/www.magan.at\/krieg\/"},"author":{"name":"vs","@id":"https:\/\/www.magan.at\/#\/schema\/person\/59b6f4cb187a652bd6962eee7a41b1da"},"headline":"KRIEG!","datePublished":"2022-04-01T12:07:00+00:00","dateModified":"2022-09-12T12:09:04+00:00","mainEntityOfPage":{"@id":"https:\/\/www.magan.at\/krieg\/"},"wordCount":1258,"commentCount":0,"publisher":{"@id":"https:\/\/www.magan.at\/#organization"},"image":{"@id":"https:\/\/www.magan.at\/krieg\/#primaryimage"},"thumbnailUrl":"https:\/\/www.magan.at\/wp-content\/uploads\/2022\/09\/n1.jpeg","articleSection":["Meinung A. Neuhuber"],"inLanguage":"en-US","potentialAction":[{"@type":"CommentAction","name":"Comment","target":["https:\/\/www.magan.at\/krieg\/#respond"]}]},{"@type":"WebPage","@id":"https:\/\/www.magan.at\/krieg\/","url":"https:\/\/www.magan.at\/krieg\/","name":"KRIEG! - Magan","isPartOf":{"@id":"https:\/\/www.magan.at\/#website"},"primaryImageOfPage":{"@id":"https:\/\/www.magan.at\/krieg\/#primaryimage"},"image":{"@id":"https:\/\/www.magan.at\/krieg\/#primaryimage"},"thumbnailUrl":"https:\/\/www.magan.at\/wp-content\/uploads\/2022\/09\/n1.jpeg","datePublished":"2022-04-01T12:07:00+00:00","dateModified":"2022-09-12T12:09:04+00:00","breadcrumb":{"@id":"https:\/\/www.magan.at\/krieg\/#breadcrumb"},"inLanguage":"en-US","potentialAction":[{"@type":"ReadAction","target":["https:\/\/www.magan.at\/krieg\/"]}]},{"@type":"ImageObject","inLanguage":"en-US","@id":"https:\/\/www.magan.at\/krieg\/#primaryimage","url":"https:\/\/www.magan.at\/wp-content\/uploads\/2022\/09\/n1.jpeg","contentUrl":"https:\/\/www.magan.at\/wp-content\/uploads\/2022\/09\/n1.jpeg","width":900,"height":445},{"@type":"BreadcrumbList","@id":"https:\/\/www.magan.at\/krieg\/#breadcrumb","itemListElement":[{"@type":"ListItem","position":1,"name":"Home","item":"https:\/\/www.magan.at\/en\/"},{"@type":"ListItem","position":2,"name":"KRIEG!"}]},{"@type":"WebSite","@id":"https:\/\/www.magan.at\/#website","url":"https:\/\/www.magan.at\/","name":"Magan","description":"EUROPEAN REAL ESTATE  INVESTMENTS CHARTERED SURVEYORS","publisher":{"@id":"https:\/\/www.magan.at\/#organization"},"potentialAction":[{"@type":"SearchAction","target":{"@type":"EntryPoint","urlTemplate":"https:\/\/www.magan.at\/?s={search_term_string}"},"query-input":{"@type":"PropertyValueSpecification","valueRequired":true,"valueName":"search_term_string"}}],"inLanguage":"en-US"},{"@type":"Organization","@id":"https:\/\/www.magan.at\/#organization","name":"Magan","url":"https:\/\/www.magan.at\/","logo":{"@type":"ImageObject","inLanguage":"en-US","@id":"https:\/\/www.magan.at\/#\/schema\/logo\/image\/","url":"https:\/\/www.magan.at\/wp-content\/uploads\/2022\/05\/maganlogo-.png","contentUrl":"https:\/\/www.magan.at\/wp-content\/uploads\/2022\/05\/maganlogo-.png","width":350,"height":95,"caption":"Magan"},"image":{"@id":"https:\/\/www.magan.at\/#\/schema\/logo\/image\/"}},{"@type":"Person","@id":"https:\/\/www.magan.at\/#\/schema\/person\/59b6f4cb187a652bd6962eee7a41b1da","name":"vs","image":{"@type":"ImageObject","inLanguage":"en-US","@id":"https:\/\/secure.gravatar.com\/avatar\/5d5e3ad234d2dab990bab6abba30bdfecd3449c4054495864d48ca9c18f78b4b?s=96&d=mm&r=g","url":"https:\/\/secure.gravatar.com\/avatar\/5d5e3ad234d2dab990bab6abba30bdfecd3449c4054495864d48ca9c18f78b4b?s=96&d=mm&r=g","contentUrl":"https:\/\/secure.gravatar.com\/avatar\/5d5e3ad234d2dab990bab6abba30bdfecd3449c4054495864d48ca9c18f78b4b?s=96&d=mm&r=g","caption":"vs"},"url":"https:\/\/www.magan.at\/en\/author\/vs\/"}]}},"_links":{"self":[{"href":"https:\/\/www.magan.at\/en\/wp-json\/wp\/v2\/posts\/6907","targetHints":{"allow":["GET"]}}],"collection":[{"href":"https:\/\/www.magan.at\/en\/wp-json\/wp\/v2\/posts"}],"about":[{"href":"https:\/\/www.magan.at\/en\/wp-json\/wp\/v2\/types\/post"}],"author":[{"embeddable":true,"href":"https:\/\/www.magan.at\/en\/wp-json\/wp\/v2\/users\/2"}],"replies":[{"embeddable":true,"href":"https:\/\/www.magan.at\/en\/wp-json\/wp\/v2\/comments?post=6907"}],"version-history":[{"count":0,"href":"https:\/\/www.magan.at\/en\/wp-json\/wp\/v2\/posts\/6907\/revisions"}],"wp:featuredmedia":[{"embeddable":true,"href":"https:\/\/www.magan.at\/en\/wp-json\/wp\/v2\/media\/6871"}],"wp:attachment":[{"href":"https:\/\/www.magan.at\/en\/wp-json\/wp\/v2\/media?parent=6907"}],"wp:term":[{"taxonomy":"category","embeddable":true,"href":"https:\/\/www.magan.at\/en\/wp-json\/wp\/v2\/categories?post=6907"},{"taxonomy":"post_tag","embeddable":true,"href":"https:\/\/www.magan.at\/en\/wp-json\/wp\/v2\/tags?post=6907"}],"curies":[{"name":"wp","href":"https:\/\/api.w.org\/{rel}","templated":true}]}}