{"id":8272,"date":"2022-02-03T13:01:59","date_gmt":"2022-02-03T13:01:59","guid":{"rendered":"https:\/\/www.magan.at\/?p=8272"},"modified":"2022-10-10T13:31:12","modified_gmt":"2022-10-10T13:31:12","slug":"2022-das-jahr-der-instabilen-grosswetterlage","status":"publish","type":"post","link":"https:\/\/www.magan.at\/en\/2022-das-jahr-der-instabilen-grosswetterlage\/","title":{"rendered":"2022: Das Jahr der instabilen Gro\u00dfwetterlage"},"content":{"rendered":"\n<p>So viel kann man voraussagen, ohne dabei eine Glaskugel verwenden zu m\u00fcssen: 2022 wird ein herausforderndes Jahr \u2013 auch f\u00fcr die Immobilienwirtschaft \u2013 werden.<\/p>\n\n\n\n<p>Pandemie oder Endemie, Ukraine-Krise, Inflations\u00e4ngste, das Gespenst der Zinserh\u00f6hungen, alternde Pr\u00e4sidenten allerorten, die Spaltung der Gesellschaft in Arm und Reich, einstweilen aber auch in Vern\u00fcnftig\/Unvern\u00fcnftig, steigende Energiepreise, hohe Baukosten, stagnierende Einkommen \u2013 you name it, you get it.<\/p>\n\n\n\n<p>Auf dem Papier spricht angesichts einer sich so darstellenden Gro\u00dfwetterlage ja einiges f\u00fcr Immobilien. In unsicheren Zeiten \u2013 und gehen wir mal davon aus, dass wir in solchen leben \u2013 wird der sichere Hafen der Immobilienveranlagung doch gerne immer wieder angesteuert. Wie gesagt, auf dem Papier.<\/p>\n\n\n\n<p><br>Meinem Gef\u00fchl nach sind derzeit zu viele \u201eGame-Changer-B\u00e4lle\u201c in der Luft, bei denen man nicht wei\u00df, ob uns noch einer auf den Kopf fallen wird.<br>Besonders spannend wird, wie das weltweit beobachtete und in Europa besonders engagiert vorangetriebene Experiment einer galoppierenden Inflation \u2013 bei gleichzeitig niedrigsten Zinsen \u2013 ausgehen wird.<\/p>\n\n\n\n<p><br>2008 wollte schon keiner glauben, dass die Party jemals zu Ende gehen k\u00f6nnte. Und dann kam die Subprime-Krise (die zuvor nur Eingeweihte auf dem Radar hatten) und st\u00fcrzte die Welt beinahe in den wirtschaftlichen Abgrund.<\/p>\n\n\n\n<p><br>Auf gut Wienerisch k\u00f6nnte man auch sagen: Nix is fix.<\/p>\n\n\n\n<p><br>Daher teile ich auch den grenzenlosen Optimismus vieler Marktbeobachter (gerade jetzt wieder zu Jahresbeginn) nicht ganz so, die meinen, steigende Immobilienpreise seien ein Naturgesetz.<br>Klar, wenn man erst 2010 in die Immobilienwirtschaft eingestiegen ist, dann glaubt man nat\u00fcrlich an die Existenz des Perpetuum mobiles. Die Preise haben sich seitdem ja wirklich wie in einer Einbahnstra\u00dfe bewegt.<\/p>\n\n\n\n<p><br>Alle, die mit dieser Gnade des sp\u00e4ten Markteintritts ausgestattet sind, sowie die Berufs- oder sonstigen Optimisten und Kurzzeit-Ged\u00e4chtnis-Besitzer m\u00f6chte ich nur auf eines hinweisen: Anfang 2009, also gerade einmal vor 13 Jahren, war der Euribor bei \u00fcber f\u00fcnf Prozent. Ich empfehle, im eigenen Portfolio den Lackmustest zu machen, wie viele Immobilienprojekte sich unter solchen Rahmenbedingungen noch positiv entwickeln w\u00fcrden.<br>Momentan regiert ja im Immobilieneinkauf das Prinzip Hoffnung, und das ist eine starke, fast alles \u00fcberstrahlende Regentschaft!<\/p>\n\n\n\n<p><br>Aber nat\u00fcrlich hoffe ich ebenfalls, dass all diese \u00dcberlegungen nur meinem Alterspessimismus zuzuschreiben sind und wir einem glorreichen Immobilienjahr 2022 entgegensehen k\u00f6nnen!<\/p>\n","protected":false},"excerpt":{"rendered":"<p>So viel kann man voraussagen, ohne dabei eine Glaskugel verwenden zu m\u00fcssen: 2022 wird ein herausforderndes Jahr \u2013 auch f\u00fcr die Immobilienwirtschaft \u2013 werden. Pandemie oder Endemie, Ukraine-Krise, Inflations\u00e4ngste, das Gespenst der Zinserh\u00f6hungen, alternde Pr\u00e4sidenten allerorten, die Spaltung der Gesellschaft in Arm und Reich, einstweilen aber auch in Vern\u00fcnftig\/Unvern\u00fcnftig, steigende Energiepreise, hohe Baukosten, stagnierende Einkommen [&hellip;]<\/p>\n","protected":false},"author":5,"featured_media":8273,"comment_status":"open","ping_status":"open","sticky":false,"template":"","format":"standard","meta":{"_acf_changed":false,"inline_featured_image":false,"footnotes":""},"categories":[204],"tags":[],"class_list":["post-8272","post","type-post","status-publish","format-standard","has-post-thumbnail","hentry","category-meinung-a-neuhuber"],"acf":[],"yoast_head":"<!-- This site is optimized with the Yoast SEO plugin v27.4 - https:\/\/yoast.com\/product\/yoast-seo-wordpress\/ -->\n<title>2022: Das Jahr der instabilen Gro\u00dfwetterlage - Magan<\/title>\n<meta name=\"robots\" content=\"index, follow, max-snippet:-1, max-image-preview:large, max-video-preview:-1\" \/>\n<link rel=\"canonical\" href=\"https:\/\/www.magan.at\/2022-das-jahr-der-instabilen-grosswetterlage\/\" \/>\n<meta property=\"og:locale\" content=\"en_US\" \/>\n<meta property=\"og:type\" content=\"article\" \/>\n<meta property=\"og:title\" content=\"2022: Das Jahr der instabilen Gro\u00dfwetterlage - Magan\" \/>\n<meta property=\"og:description\" content=\"So viel kann man voraussagen, ohne dabei eine Glaskugel verwenden zu m\u00fcssen: 2022 wird ein herausforderndes Jahr \u2013 auch f\u00fcr die Immobilienwirtschaft \u2013 werden. Pandemie oder Endemie, Ukraine-Krise, Inflations\u00e4ngste, das Gespenst der Zinserh\u00f6hungen, alternde Pr\u00e4sidenten allerorten, die Spaltung der Gesellschaft in Arm und Reich, einstweilen aber auch in Vern\u00fcnftig\/Unvern\u00fcnftig, steigende Energiepreise, hohe Baukosten, stagnierende Einkommen [&hellip;]\" \/>\n<meta property=\"og:url\" content=\"https:\/\/www.magan.at\/2022-das-jahr-der-instabilen-grosswetterlage\/\" \/>\n<meta property=\"og:site_name\" content=\"Magan\" \/>\n<meta property=\"article:published_time\" content=\"2022-02-03T13:01:59+00:00\" \/>\n<meta property=\"article:modified_time\" content=\"2022-10-10T13:31:12+00:00\" \/>\n<meta property=\"og:image\" content=\"https:\/\/www.magan.at\/wp-content\/uploads\/2022\/10\/A-header.jpeg\" \/>\n\t<meta property=\"og:image:width\" content=\"900\" \/>\n\t<meta property=\"og:image:height\" content=\"445\" \/>\n\t<meta property=\"og:image:type\" content=\"image\/jpeg\" \/>\n<meta name=\"author\" content=\"b2\" \/>\n<meta name=\"twitter:card\" content=\"summary_large_image\" \/>\n<meta name=\"twitter:label1\" content=\"Written by\" \/>\n\t<meta name=\"twitter:data1\" content=\"b2\" \/>\n\t<meta name=\"twitter:label2\" content=\"Est. reading time\" \/>\n\t<meta name=\"twitter:data2\" content=\"2 minutes\" \/>\n<script type=\"application\/ld+json\" class=\"yoast-schema-graph\">{\"@context\":\"https:\\\/\\\/schema.org\",\"@graph\":[{\"@type\":\"Article\",\"@id\":\"https:\\\/\\\/www.magan.at\\\/2022-das-jahr-der-instabilen-grosswetterlage\\\/#article\",\"isPartOf\":{\"@id\":\"https:\\\/\\\/www.magan.at\\\/2022-das-jahr-der-instabilen-grosswetterlage\\\/\"},\"author\":{\"name\":\"b2\",\"@id\":\"https:\\\/\\\/www.magan.at\\\/#\\\/schema\\\/person\\\/440debfbf57664075b938d0ce0458429\"},\"headline\":\"2022: Das Jahr der instabilen Gro\u00dfwetterlage\",\"datePublished\":\"2022-02-03T13:01:59+00:00\",\"dateModified\":\"2022-10-10T13:31:12+00:00\",\"mainEntityOfPage\":{\"@id\":\"https:\\\/\\\/www.magan.at\\\/2022-das-jahr-der-instabilen-grosswetterlage\\\/\"},\"wordCount\":374,\"commentCount\":0,\"publisher\":{\"@id\":\"https:\\\/\\\/www.magan.at\\\/#organization\"},\"image\":{\"@id\":\"https:\\\/\\\/www.magan.at\\\/2022-das-jahr-der-instabilen-grosswetterlage\\\/#primaryimage\"},\"thumbnailUrl\":\"https:\\\/\\\/www.magan.at\\\/wp-content\\\/uploads\\\/2022\\\/10\\\/A-header.jpeg\",\"articleSection\":[\"Meinung A. Neuhuber\"],\"inLanguage\":\"en-US\",\"potentialAction\":[{\"@type\":\"CommentAction\",\"name\":\"Comment\",\"target\":[\"https:\\\/\\\/www.magan.at\\\/2022-das-jahr-der-instabilen-grosswetterlage\\\/#respond\"]}]},{\"@type\":\"WebPage\",\"@id\":\"https:\\\/\\\/www.magan.at\\\/2022-das-jahr-der-instabilen-grosswetterlage\\\/\",\"url\":\"https:\\\/\\\/www.magan.at\\\/2022-das-jahr-der-instabilen-grosswetterlage\\\/\",\"name\":\"2022: Das Jahr der instabilen Gro\u00dfwetterlage - Magan\",\"isPartOf\":{\"@id\":\"https:\\\/\\\/www.magan.at\\\/#website\"},\"primaryImageOfPage\":{\"@id\":\"https:\\\/\\\/www.magan.at\\\/2022-das-jahr-der-instabilen-grosswetterlage\\\/#primaryimage\"},\"image\":{\"@id\":\"https:\\\/\\\/www.magan.at\\\/2022-das-jahr-der-instabilen-grosswetterlage\\\/#primaryimage\"},\"thumbnailUrl\":\"https:\\\/\\\/www.magan.at\\\/wp-content\\\/uploads\\\/2022\\\/10\\\/A-header.jpeg\",\"datePublished\":\"2022-02-03T13:01:59+00:00\",\"dateModified\":\"2022-10-10T13:31:12+00:00\",\"breadcrumb\":{\"@id\":\"https:\\\/\\\/www.magan.at\\\/2022-das-jahr-der-instabilen-grosswetterlage\\\/#breadcrumb\"},\"inLanguage\":\"en-US\",\"potentialAction\":[{\"@type\":\"ReadAction\",\"target\":[\"https:\\\/\\\/www.magan.at\\\/2022-das-jahr-der-instabilen-grosswetterlage\\\/\"]}]},{\"@type\":\"ImageObject\",\"inLanguage\":\"en-US\",\"@id\":\"https:\\\/\\\/www.magan.at\\\/2022-das-jahr-der-instabilen-grosswetterlage\\\/#primaryimage\",\"url\":\"https:\\\/\\\/www.magan.at\\\/wp-content\\\/uploads\\\/2022\\\/10\\\/A-header.jpeg\",\"contentUrl\":\"https:\\\/\\\/www.magan.at\\\/wp-content\\\/uploads\\\/2022\\\/10\\\/A-header.jpeg\",\"width\":900,\"height\":445},{\"@type\":\"BreadcrumbList\",\"@id\":\"https:\\\/\\\/www.magan.at\\\/2022-das-jahr-der-instabilen-grosswetterlage\\\/#breadcrumb\",\"itemListElement\":[{\"@type\":\"ListItem\",\"position\":1,\"name\":\"Home\",\"item\":\"https:\\\/\\\/www.magan.at\\\/en\\\/\"},{\"@type\":\"ListItem\",\"position\":2,\"name\":\"2022: Das Jahr der instabilen Gro\u00dfwetterlage\"}]},{\"@type\":\"WebSite\",\"@id\":\"https:\\\/\\\/www.magan.at\\\/#website\",\"url\":\"https:\\\/\\\/www.magan.at\\\/\",\"name\":\"Magan\",\"description\":\"EUROPEAN REAL ESTATE  INVESTMENTS CHARTERED SURVEYORS\",\"publisher\":{\"@id\":\"https:\\\/\\\/www.magan.at\\\/#organization\"},\"potentialAction\":[{\"@type\":\"SearchAction\",\"target\":{\"@type\":\"EntryPoint\",\"urlTemplate\":\"https:\\\/\\\/www.magan.at\\\/?s={search_term_string}\"},\"query-input\":{\"@type\":\"PropertyValueSpecification\",\"valueRequired\":true,\"valueName\":\"search_term_string\"}}],\"inLanguage\":\"en-US\"},{\"@type\":\"Organization\",\"@id\":\"https:\\\/\\\/www.magan.at\\\/#organization\",\"name\":\"Magan\",\"url\":\"https:\\\/\\\/www.magan.at\\\/\",\"logo\":{\"@type\":\"ImageObject\",\"inLanguage\":\"en-US\",\"@id\":\"https:\\\/\\\/www.magan.at\\\/#\\\/schema\\\/logo\\\/image\\\/\",\"url\":\"https:\\\/\\\/www.magan.at\\\/wp-content\\\/uploads\\\/2022\\\/05\\\/maganlogo-.png\",\"contentUrl\":\"https:\\\/\\\/www.magan.at\\\/wp-content\\\/uploads\\\/2022\\\/05\\\/maganlogo-.png\",\"width\":350,\"height\":95,\"caption\":\"Magan\"},\"image\":{\"@id\":\"https:\\\/\\\/www.magan.at\\\/#\\\/schema\\\/logo\\\/image\\\/\"}},{\"@type\":\"Person\",\"@id\":\"https:\\\/\\\/www.magan.at\\\/#\\\/schema\\\/person\\\/440debfbf57664075b938d0ce0458429\",\"name\":\"b2\",\"image\":{\"@type\":\"ImageObject\",\"inLanguage\":\"en-US\",\"@id\":\"https:\\\/\\\/secure.gravatar.com\\\/avatar\\\/4c1e4e0eb4c45153be59392b78487e72287b0bd2d5d918ddbbd4d253efd0a0d9?s=96&d=mm&r=g\",\"url\":\"https:\\\/\\\/secure.gravatar.com\\\/avatar\\\/4c1e4e0eb4c45153be59392b78487e72287b0bd2d5d918ddbbd4d253efd0a0d9?s=96&d=mm&r=g\",\"contentUrl\":\"https:\\\/\\\/secure.gravatar.com\\\/avatar\\\/4c1e4e0eb4c45153be59392b78487e72287b0bd2d5d918ddbbd4d253efd0a0d9?s=96&d=mm&r=g\",\"caption\":\"b2\"},\"url\":\"https:\\\/\\\/www.magan.at\\\/en\\\/author\\\/b2\\\/\"}]}<\/script>\n<!-- \/ Yoast SEO plugin. -->","yoast_head_json":{"title":"2022: Das Jahr der instabilen Gro\u00dfwetterlage - Magan","robots":{"index":"index","follow":"follow","max-snippet":"max-snippet:-1","max-image-preview":"max-image-preview:large","max-video-preview":"max-video-preview:-1"},"canonical":"https:\/\/www.magan.at\/2022-das-jahr-der-instabilen-grosswetterlage\/","og_locale":"en_US","og_type":"article","og_title":"2022: Das Jahr der instabilen Gro\u00dfwetterlage - Magan","og_description":"So viel kann man voraussagen, ohne dabei eine Glaskugel verwenden zu m\u00fcssen: 2022 wird ein herausforderndes Jahr \u2013 auch f\u00fcr die Immobilienwirtschaft \u2013 werden. Pandemie oder Endemie, Ukraine-Krise, Inflations\u00e4ngste, das Gespenst der Zinserh\u00f6hungen, alternde Pr\u00e4sidenten allerorten, die Spaltung der Gesellschaft in Arm und Reich, einstweilen aber auch in Vern\u00fcnftig\/Unvern\u00fcnftig, steigende Energiepreise, hohe Baukosten, stagnierende Einkommen [&hellip;]","og_url":"https:\/\/www.magan.at\/2022-das-jahr-der-instabilen-grosswetterlage\/","og_site_name":"Magan","article_published_time":"2022-02-03T13:01:59+00:00","article_modified_time":"2022-10-10T13:31:12+00:00","og_image":[{"width":900,"height":445,"url":"https:\/\/www.magan.at\/wp-content\/uploads\/2022\/10\/A-header.jpeg","type":"image\/jpeg"}],"author":"b2","twitter_card":"summary_large_image","twitter_misc":{"Written by":"b2","Est. reading time":"2 minutes"},"schema":{"@context":"https:\/\/schema.org","@graph":[{"@type":"Article","@id":"https:\/\/www.magan.at\/2022-das-jahr-der-instabilen-grosswetterlage\/#article","isPartOf":{"@id":"https:\/\/www.magan.at\/2022-das-jahr-der-instabilen-grosswetterlage\/"},"author":{"name":"b2","@id":"https:\/\/www.magan.at\/#\/schema\/person\/440debfbf57664075b938d0ce0458429"},"headline":"2022: Das Jahr der instabilen Gro\u00dfwetterlage","datePublished":"2022-02-03T13:01:59+00:00","dateModified":"2022-10-10T13:31:12+00:00","mainEntityOfPage":{"@id":"https:\/\/www.magan.at\/2022-das-jahr-der-instabilen-grosswetterlage\/"},"wordCount":374,"commentCount":0,"publisher":{"@id":"https:\/\/www.magan.at\/#organization"},"image":{"@id":"https:\/\/www.magan.at\/2022-das-jahr-der-instabilen-grosswetterlage\/#primaryimage"},"thumbnailUrl":"https:\/\/www.magan.at\/wp-content\/uploads\/2022\/10\/A-header.jpeg","articleSection":["Meinung A. Neuhuber"],"inLanguage":"en-US","potentialAction":[{"@type":"CommentAction","name":"Comment","target":["https:\/\/www.magan.at\/2022-das-jahr-der-instabilen-grosswetterlage\/#respond"]}]},{"@type":"WebPage","@id":"https:\/\/www.magan.at\/2022-das-jahr-der-instabilen-grosswetterlage\/","url":"https:\/\/www.magan.at\/2022-das-jahr-der-instabilen-grosswetterlage\/","name":"2022: Das Jahr der instabilen Gro\u00dfwetterlage - Magan","isPartOf":{"@id":"https:\/\/www.magan.at\/#website"},"primaryImageOfPage":{"@id":"https:\/\/www.magan.at\/2022-das-jahr-der-instabilen-grosswetterlage\/#primaryimage"},"image":{"@id":"https:\/\/www.magan.at\/2022-das-jahr-der-instabilen-grosswetterlage\/#primaryimage"},"thumbnailUrl":"https:\/\/www.magan.at\/wp-content\/uploads\/2022\/10\/A-header.jpeg","datePublished":"2022-02-03T13:01:59+00:00","dateModified":"2022-10-10T13:31:12+00:00","breadcrumb":{"@id":"https:\/\/www.magan.at\/2022-das-jahr-der-instabilen-grosswetterlage\/#breadcrumb"},"inLanguage":"en-US","potentialAction":[{"@type":"ReadAction","target":["https:\/\/www.magan.at\/2022-das-jahr-der-instabilen-grosswetterlage\/"]}]},{"@type":"ImageObject","inLanguage":"en-US","@id":"https:\/\/www.magan.at\/2022-das-jahr-der-instabilen-grosswetterlage\/#primaryimage","url":"https:\/\/www.magan.at\/wp-content\/uploads\/2022\/10\/A-header.jpeg","contentUrl":"https:\/\/www.magan.at\/wp-content\/uploads\/2022\/10\/A-header.jpeg","width":900,"height":445},{"@type":"BreadcrumbList","@id":"https:\/\/www.magan.at\/2022-das-jahr-der-instabilen-grosswetterlage\/#breadcrumb","itemListElement":[{"@type":"ListItem","position":1,"name":"Home","item":"https:\/\/www.magan.at\/en\/"},{"@type":"ListItem","position":2,"name":"2022: Das Jahr der instabilen Gro\u00dfwetterlage"}]},{"@type":"WebSite","@id":"https:\/\/www.magan.at\/#website","url":"https:\/\/www.magan.at\/","name":"Magan","description":"EUROPEAN REAL ESTATE  INVESTMENTS CHARTERED SURVEYORS","publisher":{"@id":"https:\/\/www.magan.at\/#organization"},"potentialAction":[{"@type":"SearchAction","target":{"@type":"EntryPoint","urlTemplate":"https:\/\/www.magan.at\/?s={search_term_string}"},"query-input":{"@type":"PropertyValueSpecification","valueRequired":true,"valueName":"search_term_string"}}],"inLanguage":"en-US"},{"@type":"Organization","@id":"https:\/\/www.magan.at\/#organization","name":"Magan","url":"https:\/\/www.magan.at\/","logo":{"@type":"ImageObject","inLanguage":"en-US","@id":"https:\/\/www.magan.at\/#\/schema\/logo\/image\/","url":"https:\/\/www.magan.at\/wp-content\/uploads\/2022\/05\/maganlogo-.png","contentUrl":"https:\/\/www.magan.at\/wp-content\/uploads\/2022\/05\/maganlogo-.png","width":350,"height":95,"caption":"Magan"},"image":{"@id":"https:\/\/www.magan.at\/#\/schema\/logo\/image\/"}},{"@type":"Person","@id":"https:\/\/www.magan.at\/#\/schema\/person\/440debfbf57664075b938d0ce0458429","name":"b2","image":{"@type":"ImageObject","inLanguage":"en-US","@id":"https:\/\/secure.gravatar.com\/avatar\/4c1e4e0eb4c45153be59392b78487e72287b0bd2d5d918ddbbd4d253efd0a0d9?s=96&d=mm&r=g","url":"https:\/\/secure.gravatar.com\/avatar\/4c1e4e0eb4c45153be59392b78487e72287b0bd2d5d918ddbbd4d253efd0a0d9?s=96&d=mm&r=g","contentUrl":"https:\/\/secure.gravatar.com\/avatar\/4c1e4e0eb4c45153be59392b78487e72287b0bd2d5d918ddbbd4d253efd0a0d9?s=96&d=mm&r=g","caption":"b2"},"url":"https:\/\/www.magan.at\/en\/author\/b2\/"}]}},"_links":{"self":[{"href":"https:\/\/www.magan.at\/en\/wp-json\/wp\/v2\/posts\/8272","targetHints":{"allow":["GET"]}}],"collection":[{"href":"https:\/\/www.magan.at\/en\/wp-json\/wp\/v2\/posts"}],"about":[{"href":"https:\/\/www.magan.at\/en\/wp-json\/wp\/v2\/types\/post"}],"author":[{"embeddable":true,"href":"https:\/\/www.magan.at\/en\/wp-json\/wp\/v2\/users\/5"}],"replies":[{"embeddable":true,"href":"https:\/\/www.magan.at\/en\/wp-json\/wp\/v2\/comments?post=8272"}],"version-history":[{"count":0,"href":"https:\/\/www.magan.at\/en\/wp-json\/wp\/v2\/posts\/8272\/revisions"}],"wp:featuredmedia":[{"embeddable":true,"href":"https:\/\/www.magan.at\/en\/wp-json\/wp\/v2\/media\/8273"}],"wp:attachment":[{"href":"https:\/\/www.magan.at\/en\/wp-json\/wp\/v2\/media?parent=8272"}],"wp:term":[{"taxonomy":"category","embeddable":true,"href":"https:\/\/www.magan.at\/en\/wp-json\/wp\/v2\/categories?post=8272"},{"taxonomy":"post_tag","embeddable":true,"href":"https:\/\/www.magan.at\/en\/wp-json\/wp\/v2\/tags?post=8272"}],"curies":[{"name":"wp","href":"https:\/\/api.w.org\/{rel}","templated":true}]}}