{"id":8336,"date":"2019-05-22T16:59:00","date_gmt":"2019-05-22T16:59:00","guid":{"rendered":"https:\/\/www.magan.at\/?p=8336"},"modified":"2022-10-10T17:01:43","modified_gmt":"2022-10-10T17:01:43","slug":"die-wohnungsluecke-soll-sich-in-vier-jahren-schliessen","status":"publish","type":"post","link":"https:\/\/www.magan.at\/en\/die-wohnungsluecke-soll-sich-in-vier-jahren-schliessen\/","title":{"rendered":"Die Wohnungsl\u00fccke soll sich in vier Jahren schlie\u00dfen"},"content":{"rendered":"\n<p>Die L\u00fccke zwischen Wohnungsnachfrage und -angebot verringert sich zusehends. Laut einer Analyse des Empirica-Instituts aus Berlin k\u00f6nnte sie bereits in vier Jahren geschlossen sein. Der Grund: Die Baugenehmigungen h\u00e4tten ein Rekordhoch erreicht, das weit \u00fcber den aktuellen Fertigstellungen liegt \u2013 die Umsetzung d\u00fcrfte weitgehend in naher Zukunft erfolgen.<br>Damit reduziert sich die L\u00fccke zwischen den ben\u00f6tigten und den fertiggestellten Wohnungen auf 50.000 Einheiten pro Jahr. In den Jahren davor waren es noch knapp 180.000 gewesen. In der Empirica-Studie wird davon ausgegangen, dass damit zumindest der Mietanstieg in den sieben gr\u00f6\u00dften deutschen St\u00e4dten beendet sein sollte. Damit es aber zu einem R\u00fcckgang der Mieten kommt, m\u00fcsste es ein \u00dcberangebot an Wohnungen geben.<\/p>\n","protected":false},"excerpt":{"rendered":"<p>Die L\u00fccke zwischen Wohnungsnachfrage und -angebot verringert sich zusehends. Laut einer Analyse des Empirica-Instituts aus Berlin k\u00f6nnte sie bereits in vier Jahren geschlossen sein. Der Grund: Die Baugenehmigungen h\u00e4tten ein Rekordhoch erreicht, das weit \u00fcber den aktuellen Fertigstellungen liegt \u2013 die Umsetzung d\u00fcrfte weitgehend in naher Zukunft erfolgen.Damit reduziert sich die L\u00fccke zwischen den ben\u00f6tigten [&hellip;]<\/p>\n","protected":false},"author":5,"featured_media":8338,"comment_status":"open","ping_status":"open","sticky":false,"template":"","format":"standard","meta":{"_acf_changed":false,"inline_featured_image":false,"footnotes":""},"categories":[227],"tags":[],"class_list":["post-8336","post","type-post","status-publish","format-standard","has-post-thumbnail","hentry","category-allgemein"],"acf":[],"yoast_head":"<!-- This site is optimized with the Yoast SEO plugin v27.4 - https:\/\/yoast.com\/product\/yoast-seo-wordpress\/ -->\n<title>Die Wohnungsl\u00fccke soll sich in vier Jahren schlie\u00dfen - Magan<\/title>\n<meta name=\"robots\" content=\"index, follow, max-snippet:-1, max-image-preview:large, max-video-preview:-1\" \/>\n<link rel=\"canonical\" href=\"https:\/\/www.magan.at\/die-wohnungsluecke-soll-sich-in-vier-jahren-schliessen\/\" \/>\n<meta property=\"og:locale\" content=\"en_US\" \/>\n<meta property=\"og:type\" content=\"article\" \/>\n<meta property=\"og:title\" content=\"Die Wohnungsl\u00fccke soll sich in vier Jahren schlie\u00dfen - Magan\" \/>\n<meta property=\"og:description\" content=\"Die L\u00fccke zwischen Wohnungsnachfrage und -angebot verringert sich zusehends. Laut einer Analyse des Empirica-Instituts aus Berlin k\u00f6nnte sie bereits in vier Jahren geschlossen sein. Der Grund: Die Baugenehmigungen h\u00e4tten ein Rekordhoch erreicht, das weit \u00fcber den aktuellen Fertigstellungen liegt \u2013 die Umsetzung d\u00fcrfte weitgehend in naher Zukunft erfolgen.Damit reduziert sich die L\u00fccke zwischen den ben\u00f6tigten [&hellip;]\" \/>\n<meta property=\"og:url\" content=\"https:\/\/www.magan.at\/die-wohnungsluecke-soll-sich-in-vier-jahren-schliessen\/\" \/>\n<meta property=\"og:site_name\" content=\"Magan\" \/>\n<meta property=\"article:published_time\" content=\"2019-05-22T16:59:00+00:00\" \/>\n<meta property=\"article:modified_time\" content=\"2022-10-10T17:01:43+00:00\" \/>\n<meta property=\"og:image\" content=\"https:\/\/www.magan.at\/wp-content\/uploads\/2019\/05\/3-architecture-1541086_1280-1110x550-1.jpeg\" \/>\n\t<meta property=\"og:image:width\" content=\"1110\" \/>\n\t<meta property=\"og:image:height\" content=\"550\" \/>\n\t<meta property=\"og:image:type\" content=\"image\/jpeg\" \/>\n<meta name=\"author\" content=\"b2\" \/>\n<meta name=\"twitter:card\" content=\"summary_large_image\" \/>\n<meta name=\"twitter:label1\" content=\"Written by\" \/>\n\t<meta name=\"twitter:data1\" content=\"b2\" \/>\n\t<meta name=\"twitter:label2\" content=\"Est. reading time\" \/>\n\t<meta name=\"twitter:data2\" content=\"1 minute\" \/>\n<script type=\"application\/ld+json\" class=\"yoast-schema-graph\">{\"@context\":\"https:\\\/\\\/schema.org\",\"@graph\":[{\"@type\":\"Article\",\"@id\":\"https:\\\/\\\/www.magan.at\\\/die-wohnungsluecke-soll-sich-in-vier-jahren-schliessen\\\/#article\",\"isPartOf\":{\"@id\":\"https:\\\/\\\/www.magan.at\\\/die-wohnungsluecke-soll-sich-in-vier-jahren-schliessen\\\/\"},\"author\":{\"name\":\"b2\",\"@id\":\"https:\\\/\\\/www.magan.at\\\/#\\\/schema\\\/person\\\/440debfbf57664075b938d0ce0458429\"},\"headline\":\"Die Wohnungsl\u00fccke soll sich in vier Jahren schlie\u00dfen\",\"datePublished\":\"2019-05-22T16:59:00+00:00\",\"dateModified\":\"2022-10-10T17:01:43+00:00\",\"mainEntityOfPage\":{\"@id\":\"https:\\\/\\\/www.magan.at\\\/die-wohnungsluecke-soll-sich-in-vier-jahren-schliessen\\\/\"},\"wordCount\":128,\"commentCount\":0,\"publisher\":{\"@id\":\"https:\\\/\\\/www.magan.at\\\/#organization\"},\"image\":{\"@id\":\"https:\\\/\\\/www.magan.at\\\/die-wohnungsluecke-soll-sich-in-vier-jahren-schliessen\\\/#primaryimage\"},\"thumbnailUrl\":\"https:\\\/\\\/www.magan.at\\\/wp-content\\\/uploads\\\/2019\\\/05\\\/3-architecture-1541086_1280-1110x550-1.jpeg\",\"articleSection\":[\"Allgemein\"],\"inLanguage\":\"en-US\",\"potentialAction\":[{\"@type\":\"CommentAction\",\"name\":\"Comment\",\"target\":[\"https:\\\/\\\/www.magan.at\\\/die-wohnungsluecke-soll-sich-in-vier-jahren-schliessen\\\/#respond\"]}]},{\"@type\":\"WebPage\",\"@id\":\"https:\\\/\\\/www.magan.at\\\/die-wohnungsluecke-soll-sich-in-vier-jahren-schliessen\\\/\",\"url\":\"https:\\\/\\\/www.magan.at\\\/die-wohnungsluecke-soll-sich-in-vier-jahren-schliessen\\\/\",\"name\":\"Die Wohnungsl\u00fccke soll sich in vier Jahren schlie\u00dfen - Magan\",\"isPartOf\":{\"@id\":\"https:\\\/\\\/www.magan.at\\\/#website\"},\"primaryImageOfPage\":{\"@id\":\"https:\\\/\\\/www.magan.at\\\/die-wohnungsluecke-soll-sich-in-vier-jahren-schliessen\\\/#primaryimage\"},\"image\":{\"@id\":\"https:\\\/\\\/www.magan.at\\\/die-wohnungsluecke-soll-sich-in-vier-jahren-schliessen\\\/#primaryimage\"},\"thumbnailUrl\":\"https:\\\/\\\/www.magan.at\\\/wp-content\\\/uploads\\\/2019\\\/05\\\/3-architecture-1541086_1280-1110x550-1.jpeg\",\"datePublished\":\"2019-05-22T16:59:00+00:00\",\"dateModified\":\"2022-10-10T17:01:43+00:00\",\"breadcrumb\":{\"@id\":\"https:\\\/\\\/www.magan.at\\\/die-wohnungsluecke-soll-sich-in-vier-jahren-schliessen\\\/#breadcrumb\"},\"inLanguage\":\"en-US\",\"potentialAction\":[{\"@type\":\"ReadAction\",\"target\":[\"https:\\\/\\\/www.magan.at\\\/die-wohnungsluecke-soll-sich-in-vier-jahren-schliessen\\\/\"]}]},{\"@type\":\"ImageObject\",\"inLanguage\":\"en-US\",\"@id\":\"https:\\\/\\\/www.magan.at\\\/die-wohnungsluecke-soll-sich-in-vier-jahren-schliessen\\\/#primaryimage\",\"url\":\"https:\\\/\\\/www.magan.at\\\/wp-content\\\/uploads\\\/2019\\\/05\\\/3-architecture-1541086_1280-1110x550-1.jpeg\",\"contentUrl\":\"https:\\\/\\\/www.magan.at\\\/wp-content\\\/uploads\\\/2019\\\/05\\\/3-architecture-1541086_1280-1110x550-1.jpeg\",\"width\":1110,\"height\":550},{\"@type\":\"BreadcrumbList\",\"@id\":\"https:\\\/\\\/www.magan.at\\\/die-wohnungsluecke-soll-sich-in-vier-jahren-schliessen\\\/#breadcrumb\",\"itemListElement\":[{\"@type\":\"ListItem\",\"position\":1,\"name\":\"Home\",\"item\":\"https:\\\/\\\/www.magan.at\\\/en\\\/\"},{\"@type\":\"ListItem\",\"position\":2,\"name\":\"Die Wohnungsl\u00fccke soll sich in vier Jahren schlie\u00dfen\"}]},{\"@type\":\"WebSite\",\"@id\":\"https:\\\/\\\/www.magan.at\\\/#website\",\"url\":\"https:\\\/\\\/www.magan.at\\\/\",\"name\":\"Magan\",\"description\":\"EUROPEAN REAL ESTATE  INVESTMENTS CHARTERED SURVEYORS\",\"publisher\":{\"@id\":\"https:\\\/\\\/www.magan.at\\\/#organization\"},\"potentialAction\":[{\"@type\":\"SearchAction\",\"target\":{\"@type\":\"EntryPoint\",\"urlTemplate\":\"https:\\\/\\\/www.magan.at\\\/?s={search_term_string}\"},\"query-input\":{\"@type\":\"PropertyValueSpecification\",\"valueRequired\":true,\"valueName\":\"search_term_string\"}}],\"inLanguage\":\"en-US\"},{\"@type\":\"Organization\",\"@id\":\"https:\\\/\\\/www.magan.at\\\/#organization\",\"name\":\"Magan\",\"url\":\"https:\\\/\\\/www.magan.at\\\/\",\"logo\":{\"@type\":\"ImageObject\",\"inLanguage\":\"en-US\",\"@id\":\"https:\\\/\\\/www.magan.at\\\/#\\\/schema\\\/logo\\\/image\\\/\",\"url\":\"https:\\\/\\\/www.magan.at\\\/wp-content\\\/uploads\\\/2022\\\/05\\\/maganlogo-.png\",\"contentUrl\":\"https:\\\/\\\/www.magan.at\\\/wp-content\\\/uploads\\\/2022\\\/05\\\/maganlogo-.png\",\"width\":350,\"height\":95,\"caption\":\"Magan\"},\"image\":{\"@id\":\"https:\\\/\\\/www.magan.at\\\/#\\\/schema\\\/logo\\\/image\\\/\"}},{\"@type\":\"Person\",\"@id\":\"https:\\\/\\\/www.magan.at\\\/#\\\/schema\\\/person\\\/440debfbf57664075b938d0ce0458429\",\"name\":\"b2\",\"image\":{\"@type\":\"ImageObject\",\"inLanguage\":\"en-US\",\"@id\":\"https:\\\/\\\/secure.gravatar.com\\\/avatar\\\/4c1e4e0eb4c45153be59392b78487e72287b0bd2d5d918ddbbd4d253efd0a0d9?s=96&d=mm&r=g\",\"url\":\"https:\\\/\\\/secure.gravatar.com\\\/avatar\\\/4c1e4e0eb4c45153be59392b78487e72287b0bd2d5d918ddbbd4d253efd0a0d9?s=96&d=mm&r=g\",\"contentUrl\":\"https:\\\/\\\/secure.gravatar.com\\\/avatar\\\/4c1e4e0eb4c45153be59392b78487e72287b0bd2d5d918ddbbd4d253efd0a0d9?s=96&d=mm&r=g\",\"caption\":\"b2\"},\"url\":\"https:\\\/\\\/www.magan.at\\\/en\\\/author\\\/b2\\\/\"}]}<\/script>\n<!-- \/ Yoast SEO plugin. -->","yoast_head_json":{"title":"Die Wohnungsl\u00fccke soll sich in vier Jahren schlie\u00dfen - Magan","robots":{"index":"index","follow":"follow","max-snippet":"max-snippet:-1","max-image-preview":"max-image-preview:large","max-video-preview":"max-video-preview:-1"},"canonical":"https:\/\/www.magan.at\/die-wohnungsluecke-soll-sich-in-vier-jahren-schliessen\/","og_locale":"en_US","og_type":"article","og_title":"Die Wohnungsl\u00fccke soll sich in vier Jahren schlie\u00dfen - Magan","og_description":"Die L\u00fccke zwischen Wohnungsnachfrage und -angebot verringert sich zusehends. Laut einer Analyse des Empirica-Instituts aus Berlin k\u00f6nnte sie bereits in vier Jahren geschlossen sein. Der Grund: Die Baugenehmigungen h\u00e4tten ein Rekordhoch erreicht, das weit \u00fcber den aktuellen Fertigstellungen liegt \u2013 die Umsetzung d\u00fcrfte weitgehend in naher Zukunft erfolgen.Damit reduziert sich die L\u00fccke zwischen den ben\u00f6tigten [&hellip;]","og_url":"https:\/\/www.magan.at\/die-wohnungsluecke-soll-sich-in-vier-jahren-schliessen\/","og_site_name":"Magan","article_published_time":"2019-05-22T16:59:00+00:00","article_modified_time":"2022-10-10T17:01:43+00:00","og_image":[{"width":1110,"height":550,"url":"https:\/\/www.magan.at\/wp-content\/uploads\/2019\/05\/3-architecture-1541086_1280-1110x550-1.jpeg","type":"image\/jpeg"}],"author":"b2","twitter_card":"summary_large_image","twitter_misc":{"Written by":"b2","Est. reading time":"1 minute"},"schema":{"@context":"https:\/\/schema.org","@graph":[{"@type":"Article","@id":"https:\/\/www.magan.at\/die-wohnungsluecke-soll-sich-in-vier-jahren-schliessen\/#article","isPartOf":{"@id":"https:\/\/www.magan.at\/die-wohnungsluecke-soll-sich-in-vier-jahren-schliessen\/"},"author":{"name":"b2","@id":"https:\/\/www.magan.at\/#\/schema\/person\/440debfbf57664075b938d0ce0458429"},"headline":"Die Wohnungsl\u00fccke soll sich in vier Jahren schlie\u00dfen","datePublished":"2019-05-22T16:59:00+00:00","dateModified":"2022-10-10T17:01:43+00:00","mainEntityOfPage":{"@id":"https:\/\/www.magan.at\/die-wohnungsluecke-soll-sich-in-vier-jahren-schliessen\/"},"wordCount":128,"commentCount":0,"publisher":{"@id":"https:\/\/www.magan.at\/#organization"},"image":{"@id":"https:\/\/www.magan.at\/die-wohnungsluecke-soll-sich-in-vier-jahren-schliessen\/#primaryimage"},"thumbnailUrl":"https:\/\/www.magan.at\/wp-content\/uploads\/2019\/05\/3-architecture-1541086_1280-1110x550-1.jpeg","articleSection":["Allgemein"],"inLanguage":"en-US","potentialAction":[{"@type":"CommentAction","name":"Comment","target":["https:\/\/www.magan.at\/die-wohnungsluecke-soll-sich-in-vier-jahren-schliessen\/#respond"]}]},{"@type":"WebPage","@id":"https:\/\/www.magan.at\/die-wohnungsluecke-soll-sich-in-vier-jahren-schliessen\/","url":"https:\/\/www.magan.at\/die-wohnungsluecke-soll-sich-in-vier-jahren-schliessen\/","name":"Die Wohnungsl\u00fccke soll sich in vier Jahren schlie\u00dfen - Magan","isPartOf":{"@id":"https:\/\/www.magan.at\/#website"},"primaryImageOfPage":{"@id":"https:\/\/www.magan.at\/die-wohnungsluecke-soll-sich-in-vier-jahren-schliessen\/#primaryimage"},"image":{"@id":"https:\/\/www.magan.at\/die-wohnungsluecke-soll-sich-in-vier-jahren-schliessen\/#primaryimage"},"thumbnailUrl":"https:\/\/www.magan.at\/wp-content\/uploads\/2019\/05\/3-architecture-1541086_1280-1110x550-1.jpeg","datePublished":"2019-05-22T16:59:00+00:00","dateModified":"2022-10-10T17:01:43+00:00","breadcrumb":{"@id":"https:\/\/www.magan.at\/die-wohnungsluecke-soll-sich-in-vier-jahren-schliessen\/#breadcrumb"},"inLanguage":"en-US","potentialAction":[{"@type":"ReadAction","target":["https:\/\/www.magan.at\/die-wohnungsluecke-soll-sich-in-vier-jahren-schliessen\/"]}]},{"@type":"ImageObject","inLanguage":"en-US","@id":"https:\/\/www.magan.at\/die-wohnungsluecke-soll-sich-in-vier-jahren-schliessen\/#primaryimage","url":"https:\/\/www.magan.at\/wp-content\/uploads\/2019\/05\/3-architecture-1541086_1280-1110x550-1.jpeg","contentUrl":"https:\/\/www.magan.at\/wp-content\/uploads\/2019\/05\/3-architecture-1541086_1280-1110x550-1.jpeg","width":1110,"height":550},{"@type":"BreadcrumbList","@id":"https:\/\/www.magan.at\/die-wohnungsluecke-soll-sich-in-vier-jahren-schliessen\/#breadcrumb","itemListElement":[{"@type":"ListItem","position":1,"name":"Home","item":"https:\/\/www.magan.at\/en\/"},{"@type":"ListItem","position":2,"name":"Die Wohnungsl\u00fccke soll sich in vier Jahren schlie\u00dfen"}]},{"@type":"WebSite","@id":"https:\/\/www.magan.at\/#website","url":"https:\/\/www.magan.at\/","name":"Magan","description":"EUROPEAN REAL ESTATE  INVESTMENTS CHARTERED SURVEYORS","publisher":{"@id":"https:\/\/www.magan.at\/#organization"},"potentialAction":[{"@type":"SearchAction","target":{"@type":"EntryPoint","urlTemplate":"https:\/\/www.magan.at\/?s={search_term_string}"},"query-input":{"@type":"PropertyValueSpecification","valueRequired":true,"valueName":"search_term_string"}}],"inLanguage":"en-US"},{"@type":"Organization","@id":"https:\/\/www.magan.at\/#organization","name":"Magan","url":"https:\/\/www.magan.at\/","logo":{"@type":"ImageObject","inLanguage":"en-US","@id":"https:\/\/www.magan.at\/#\/schema\/logo\/image\/","url":"https:\/\/www.magan.at\/wp-content\/uploads\/2022\/05\/maganlogo-.png","contentUrl":"https:\/\/www.magan.at\/wp-content\/uploads\/2022\/05\/maganlogo-.png","width":350,"height":95,"caption":"Magan"},"image":{"@id":"https:\/\/www.magan.at\/#\/schema\/logo\/image\/"}},{"@type":"Person","@id":"https:\/\/www.magan.at\/#\/schema\/person\/440debfbf57664075b938d0ce0458429","name":"b2","image":{"@type":"ImageObject","inLanguage":"en-US","@id":"https:\/\/secure.gravatar.com\/avatar\/4c1e4e0eb4c45153be59392b78487e72287b0bd2d5d918ddbbd4d253efd0a0d9?s=96&d=mm&r=g","url":"https:\/\/secure.gravatar.com\/avatar\/4c1e4e0eb4c45153be59392b78487e72287b0bd2d5d918ddbbd4d253efd0a0d9?s=96&d=mm&r=g","contentUrl":"https:\/\/secure.gravatar.com\/avatar\/4c1e4e0eb4c45153be59392b78487e72287b0bd2d5d918ddbbd4d253efd0a0d9?s=96&d=mm&r=g","caption":"b2"},"url":"https:\/\/www.magan.at\/en\/author\/b2\/"}]}},"_links":{"self":[{"href":"https:\/\/www.magan.at\/en\/wp-json\/wp\/v2\/posts\/8336","targetHints":{"allow":["GET"]}}],"collection":[{"href":"https:\/\/www.magan.at\/en\/wp-json\/wp\/v2\/posts"}],"about":[{"href":"https:\/\/www.magan.at\/en\/wp-json\/wp\/v2\/types\/post"}],"author":[{"embeddable":true,"href":"https:\/\/www.magan.at\/en\/wp-json\/wp\/v2\/users\/5"}],"replies":[{"embeddable":true,"href":"https:\/\/www.magan.at\/en\/wp-json\/wp\/v2\/comments?post=8336"}],"version-history":[{"count":0,"href":"https:\/\/www.magan.at\/en\/wp-json\/wp\/v2\/posts\/8336\/revisions"}],"wp:featuredmedia":[{"embeddable":true,"href":"https:\/\/www.magan.at\/en\/wp-json\/wp\/v2\/media\/8338"}],"wp:attachment":[{"href":"https:\/\/www.magan.at\/en\/wp-json\/wp\/v2\/media?parent=8336"}],"wp:term":[{"taxonomy":"category","embeddable":true,"href":"https:\/\/www.magan.at\/en\/wp-json\/wp\/v2\/categories?post=8336"},{"taxonomy":"post_tag","embeddable":true,"href":"https:\/\/www.magan.at\/en\/wp-json\/wp\/v2\/tags?post=8336"}],"curies":[{"name":"wp","href":"https:\/\/api.w.org\/{rel}","templated":true}]}}