{"id":8468,"date":"2017-07-14T18:13:00","date_gmt":"2017-07-14T18:13:00","guid":{"rendered":"https:\/\/www.magan.at\/?p=8468"},"modified":"2022-10-10T18:14:22","modified_gmt":"2022-10-10T18:14:22","slug":"blick-in-den-stadtteil-dresden-innere-altstadt","status":"publish","type":"post","link":"https:\/\/www.magan.at\/en\/blick-in-den-stadtteil-dresden-innere-altstadt\/","title":{"rendered":"Blick in den Stadtteil: Dresden \u2013 Innere Altstadt"},"content":{"rendered":"\n<p>Markiert von den \u201eEckpunkten\u201c Elbe, Hauptbahnhof und Gro\u00dfer Garten, liegt in Dresden die Innere Altstadt. Im historischen Kern der s\u00e4chsischen Landeshauptstadt zwischen Geschichte und Neuzeit l\u00e4sst es sich einfach gut leben. Semperoper, Zwinger, Residenzschloss und die Frauenkirche sind faktisch vor der Haust\u00fcre, und hat man die St. Petersburger Stra\u00dfe einmal \u00fcberquert, dann ist man auch schon bei den Ausl\u00e4ufern des Gro\u00dfen Gartens. Das lockt nat\u00fcrlich viele Touristen an, und die Innere Altstadt ist daher auch der Stadtteil Dresdens mit der h\u00f6chsten Hoteldichte.<\/p>\n\n\n\n<p>&nbsp;Man sagt den Bewohnern der Hauptstadt des Freistaats Sachsen nach, dass sie nicht so gerne innerst\u00e4dtisch wohnen, wenn aber, dann hier in der Inneren Altstadt. Das zeigt auch das Mietniveau. Laut iib-Institut werden mit einer Neubaumiete von \u00fcber 13 Euro pro Quadratmeter die teuersten Preise der Stadt verlangt. Die gerade in Bau befindlichen Projekte finden trotzdem ihre Mieter und K\u00e4ufer.<\/p>\n\n\n\n<p>Wer es etwas g\u00fcnstiger haben will, der kann in die umliegenden Bezirke Wilsdruffer Vorstadt, Seevorstadt West bzw. Altstadt ausweichen oder \u00fcber die Elbe in die Innere Neustadt.<\/p>\n","protected":false},"excerpt":{"rendered":"<p>Markiert von den \u201eEckpunkten\u201c Elbe, Hauptbahnhof und Gro\u00dfer Garten, liegt in Dresden die Innere Altstadt. Im historischen Kern der s\u00e4chsischen Landeshauptstadt zwischen Geschichte und Neuzeit l\u00e4sst es sich einfach gut leben. Semperoper, Zwinger, Residenzschloss und die Frauenkirche sind faktisch vor der Haust\u00fcre, und hat man die St. Petersburger Stra\u00dfe einmal \u00fcberquert, dann ist man auch [&hellip;]<\/p>\n","protected":false},"author":5,"featured_media":8469,"comment_status":"open","ping_status":"open","sticky":false,"template":"","format":"standard","meta":{"_acf_changed":false,"inline_featured_image":false,"footnotes":""},"categories":[228],"tags":[],"class_list":["post-8468","post","type-post","status-publish","format-standard","has-post-thumbnail","hentry","category-immobilienmarkt"],"acf":[],"yoast_head":"<!-- This site is optimized with the Yoast SEO plugin v27.4 - https:\/\/yoast.com\/product\/yoast-seo-wordpress\/ -->\n<title>Blick in den Stadtteil: Dresden \u2013 Innere Altstadt - Magan<\/title>\n<meta name=\"robots\" content=\"index, follow, max-snippet:-1, max-image-preview:large, max-video-preview:-1\" \/>\n<link rel=\"canonical\" href=\"https:\/\/www.magan.at\/blick-in-den-stadtteil-dresden-innere-altstadt\/\" \/>\n<meta property=\"og:locale\" content=\"en_US\" \/>\n<meta property=\"og:type\" content=\"article\" \/>\n<meta property=\"og:title\" content=\"Blick in den Stadtteil: Dresden \u2013 Innere Altstadt - Magan\" \/>\n<meta property=\"og:description\" content=\"Markiert von den \u201eEckpunkten\u201c Elbe, Hauptbahnhof und Gro\u00dfer Garten, liegt in Dresden die Innere Altstadt. Im historischen Kern der s\u00e4chsischen Landeshauptstadt zwischen Geschichte und Neuzeit l\u00e4sst es sich einfach gut leben. Semperoper, Zwinger, Residenzschloss und die Frauenkirche sind faktisch vor der Haust\u00fcre, und hat man die St. Petersburger Stra\u00dfe einmal \u00fcberquert, dann ist man auch [&hellip;]\" \/>\n<meta property=\"og:url\" content=\"https:\/\/www.magan.at\/blick-in-den-stadtteil-dresden-innere-altstadt\/\" \/>\n<meta property=\"og:site_name\" content=\"Magan\" \/>\n<meta property=\"article:published_time\" content=\"2017-07-14T18:13:00+00:00\" \/>\n<meta property=\"article:modified_time\" content=\"2022-10-10T18:14:22+00:00\" \/>\n<meta property=\"og:image\" content=\"https:\/\/www.magan.at\/wp-content\/uploads\/2022\/10\/Bilck-in-die-Dresdner-Altstadt-1110x550-1.jpeg\" \/>\n\t<meta property=\"og:image:width\" content=\"1110\" \/>\n\t<meta property=\"og:image:height\" content=\"550\" \/>\n\t<meta property=\"og:image:type\" content=\"image\/jpeg\" \/>\n<meta name=\"author\" content=\"b2\" \/>\n<meta name=\"twitter:card\" content=\"summary_large_image\" \/>\n<meta name=\"twitter:label1\" content=\"Written by\" \/>\n\t<meta name=\"twitter:data1\" content=\"b2\" \/>\n\t<meta name=\"twitter:label2\" content=\"Est. reading time\" \/>\n\t<meta name=\"twitter:data2\" content=\"1 minute\" \/>\n<script type=\"application\/ld+json\" class=\"yoast-schema-graph\">{\"@context\":\"https:\\\/\\\/schema.org\",\"@graph\":[{\"@type\":\"Article\",\"@id\":\"https:\\\/\\\/www.magan.at\\\/blick-in-den-stadtteil-dresden-innere-altstadt\\\/#article\",\"isPartOf\":{\"@id\":\"https:\\\/\\\/www.magan.at\\\/blick-in-den-stadtteil-dresden-innere-altstadt\\\/\"},\"author\":{\"name\":\"b2\",\"@id\":\"https:\\\/\\\/www.magan.at\\\/#\\\/schema\\\/person\\\/440debfbf57664075b938d0ce0458429\"},\"headline\":\"Blick in den Stadtteil: Dresden \u2013 Innere Altstadt\",\"datePublished\":\"2017-07-14T18:13:00+00:00\",\"dateModified\":\"2022-10-10T18:14:22+00:00\",\"mainEntityOfPage\":{\"@id\":\"https:\\\/\\\/www.magan.at\\\/blick-in-den-stadtteil-dresden-innere-altstadt\\\/\"},\"wordCount\":188,\"commentCount\":0,\"publisher\":{\"@id\":\"https:\\\/\\\/www.magan.at\\\/#organization\"},\"image\":{\"@id\":\"https:\\\/\\\/www.magan.at\\\/blick-in-den-stadtteil-dresden-innere-altstadt\\\/#primaryimage\"},\"thumbnailUrl\":\"https:\\\/\\\/www.magan.at\\\/wp-content\\\/uploads\\\/2022\\\/10\\\/Bilck-in-die-Dresdner-Altstadt-1110x550-1.jpeg\",\"articleSection\":[\"Immobilienmarkt\"],\"inLanguage\":\"en-US\",\"potentialAction\":[{\"@type\":\"CommentAction\",\"name\":\"Comment\",\"target\":[\"https:\\\/\\\/www.magan.at\\\/blick-in-den-stadtteil-dresden-innere-altstadt\\\/#respond\"]}]},{\"@type\":\"WebPage\",\"@id\":\"https:\\\/\\\/www.magan.at\\\/blick-in-den-stadtteil-dresden-innere-altstadt\\\/\",\"url\":\"https:\\\/\\\/www.magan.at\\\/blick-in-den-stadtteil-dresden-innere-altstadt\\\/\",\"name\":\"Blick in den Stadtteil: Dresden \u2013 Innere Altstadt - Magan\",\"isPartOf\":{\"@id\":\"https:\\\/\\\/www.magan.at\\\/#website\"},\"primaryImageOfPage\":{\"@id\":\"https:\\\/\\\/www.magan.at\\\/blick-in-den-stadtteil-dresden-innere-altstadt\\\/#primaryimage\"},\"image\":{\"@id\":\"https:\\\/\\\/www.magan.at\\\/blick-in-den-stadtteil-dresden-innere-altstadt\\\/#primaryimage\"},\"thumbnailUrl\":\"https:\\\/\\\/www.magan.at\\\/wp-content\\\/uploads\\\/2022\\\/10\\\/Bilck-in-die-Dresdner-Altstadt-1110x550-1.jpeg\",\"datePublished\":\"2017-07-14T18:13:00+00:00\",\"dateModified\":\"2022-10-10T18:14:22+00:00\",\"breadcrumb\":{\"@id\":\"https:\\\/\\\/www.magan.at\\\/blick-in-den-stadtteil-dresden-innere-altstadt\\\/#breadcrumb\"},\"inLanguage\":\"en-US\",\"potentialAction\":[{\"@type\":\"ReadAction\",\"target\":[\"https:\\\/\\\/www.magan.at\\\/blick-in-den-stadtteil-dresden-innere-altstadt\\\/\"]}]},{\"@type\":\"ImageObject\",\"inLanguage\":\"en-US\",\"@id\":\"https:\\\/\\\/www.magan.at\\\/blick-in-den-stadtteil-dresden-innere-altstadt\\\/#primaryimage\",\"url\":\"https:\\\/\\\/www.magan.at\\\/wp-content\\\/uploads\\\/2022\\\/10\\\/Bilck-in-die-Dresdner-Altstadt-1110x550-1.jpeg\",\"contentUrl\":\"https:\\\/\\\/www.magan.at\\\/wp-content\\\/uploads\\\/2022\\\/10\\\/Bilck-in-die-Dresdner-Altstadt-1110x550-1.jpeg\",\"width\":1110,\"height\":550},{\"@type\":\"BreadcrumbList\",\"@id\":\"https:\\\/\\\/www.magan.at\\\/blick-in-den-stadtteil-dresden-innere-altstadt\\\/#breadcrumb\",\"itemListElement\":[{\"@type\":\"ListItem\",\"position\":1,\"name\":\"Home\",\"item\":\"https:\\\/\\\/www.magan.at\\\/en\\\/\"},{\"@type\":\"ListItem\",\"position\":2,\"name\":\"Blick in den Stadtteil: Dresden \u2013 Innere Altstadt\"}]},{\"@type\":\"WebSite\",\"@id\":\"https:\\\/\\\/www.magan.at\\\/#website\",\"url\":\"https:\\\/\\\/www.magan.at\\\/\",\"name\":\"Magan\",\"description\":\"EUROPEAN REAL ESTATE  INVESTMENTS CHARTERED SURVEYORS\",\"publisher\":{\"@id\":\"https:\\\/\\\/www.magan.at\\\/#organization\"},\"potentialAction\":[{\"@type\":\"SearchAction\",\"target\":{\"@type\":\"EntryPoint\",\"urlTemplate\":\"https:\\\/\\\/www.magan.at\\\/?s={search_term_string}\"},\"query-input\":{\"@type\":\"PropertyValueSpecification\",\"valueRequired\":true,\"valueName\":\"search_term_string\"}}],\"inLanguage\":\"en-US\"},{\"@type\":\"Organization\",\"@id\":\"https:\\\/\\\/www.magan.at\\\/#organization\",\"name\":\"Magan\",\"url\":\"https:\\\/\\\/www.magan.at\\\/\",\"logo\":{\"@type\":\"ImageObject\",\"inLanguage\":\"en-US\",\"@id\":\"https:\\\/\\\/www.magan.at\\\/#\\\/schema\\\/logo\\\/image\\\/\",\"url\":\"https:\\\/\\\/www.magan.at\\\/wp-content\\\/uploads\\\/2022\\\/05\\\/maganlogo-.png\",\"contentUrl\":\"https:\\\/\\\/www.magan.at\\\/wp-content\\\/uploads\\\/2022\\\/05\\\/maganlogo-.png\",\"width\":350,\"height\":95,\"caption\":\"Magan\"},\"image\":{\"@id\":\"https:\\\/\\\/www.magan.at\\\/#\\\/schema\\\/logo\\\/image\\\/\"}},{\"@type\":\"Person\",\"@id\":\"https:\\\/\\\/www.magan.at\\\/#\\\/schema\\\/person\\\/440debfbf57664075b938d0ce0458429\",\"name\":\"b2\",\"image\":{\"@type\":\"ImageObject\",\"inLanguage\":\"en-US\",\"@id\":\"https:\\\/\\\/secure.gravatar.com\\\/avatar\\\/4c1e4e0eb4c45153be59392b78487e72287b0bd2d5d918ddbbd4d253efd0a0d9?s=96&d=mm&r=g\",\"url\":\"https:\\\/\\\/secure.gravatar.com\\\/avatar\\\/4c1e4e0eb4c45153be59392b78487e72287b0bd2d5d918ddbbd4d253efd0a0d9?s=96&d=mm&r=g\",\"contentUrl\":\"https:\\\/\\\/secure.gravatar.com\\\/avatar\\\/4c1e4e0eb4c45153be59392b78487e72287b0bd2d5d918ddbbd4d253efd0a0d9?s=96&d=mm&r=g\",\"caption\":\"b2\"},\"url\":\"https:\\\/\\\/www.magan.at\\\/en\\\/author\\\/b2\\\/\"}]}<\/script>\n<!-- \/ Yoast SEO plugin. -->","yoast_head_json":{"title":"Blick in den Stadtteil: Dresden \u2013 Innere Altstadt - Magan","robots":{"index":"index","follow":"follow","max-snippet":"max-snippet:-1","max-image-preview":"max-image-preview:large","max-video-preview":"max-video-preview:-1"},"canonical":"https:\/\/www.magan.at\/blick-in-den-stadtteil-dresden-innere-altstadt\/","og_locale":"en_US","og_type":"article","og_title":"Blick in den Stadtteil: Dresden \u2013 Innere Altstadt - Magan","og_description":"Markiert von den \u201eEckpunkten\u201c Elbe, Hauptbahnhof und Gro\u00dfer Garten, liegt in Dresden die Innere Altstadt. Im historischen Kern der s\u00e4chsischen Landeshauptstadt zwischen Geschichte und Neuzeit l\u00e4sst es sich einfach gut leben. Semperoper, Zwinger, Residenzschloss und die Frauenkirche sind faktisch vor der Haust\u00fcre, und hat man die St. Petersburger Stra\u00dfe einmal \u00fcberquert, dann ist man auch [&hellip;]","og_url":"https:\/\/www.magan.at\/blick-in-den-stadtteil-dresden-innere-altstadt\/","og_site_name":"Magan","article_published_time":"2017-07-14T18:13:00+00:00","article_modified_time":"2022-10-10T18:14:22+00:00","og_image":[{"width":1110,"height":550,"url":"https:\/\/www.magan.at\/wp-content\/uploads\/2022\/10\/Bilck-in-die-Dresdner-Altstadt-1110x550-1.jpeg","type":"image\/jpeg"}],"author":"b2","twitter_card":"summary_large_image","twitter_misc":{"Written by":"b2","Est. reading time":"1 minute"},"schema":{"@context":"https:\/\/schema.org","@graph":[{"@type":"Article","@id":"https:\/\/www.magan.at\/blick-in-den-stadtteil-dresden-innere-altstadt\/#article","isPartOf":{"@id":"https:\/\/www.magan.at\/blick-in-den-stadtteil-dresden-innere-altstadt\/"},"author":{"name":"b2","@id":"https:\/\/www.magan.at\/#\/schema\/person\/440debfbf57664075b938d0ce0458429"},"headline":"Blick in den Stadtteil: Dresden \u2013 Innere Altstadt","datePublished":"2017-07-14T18:13:00+00:00","dateModified":"2022-10-10T18:14:22+00:00","mainEntityOfPage":{"@id":"https:\/\/www.magan.at\/blick-in-den-stadtteil-dresden-innere-altstadt\/"},"wordCount":188,"commentCount":0,"publisher":{"@id":"https:\/\/www.magan.at\/#organization"},"image":{"@id":"https:\/\/www.magan.at\/blick-in-den-stadtteil-dresden-innere-altstadt\/#primaryimage"},"thumbnailUrl":"https:\/\/www.magan.at\/wp-content\/uploads\/2022\/10\/Bilck-in-die-Dresdner-Altstadt-1110x550-1.jpeg","articleSection":["Immobilienmarkt"],"inLanguage":"en-US","potentialAction":[{"@type":"CommentAction","name":"Comment","target":["https:\/\/www.magan.at\/blick-in-den-stadtteil-dresden-innere-altstadt\/#respond"]}]},{"@type":"WebPage","@id":"https:\/\/www.magan.at\/blick-in-den-stadtteil-dresden-innere-altstadt\/","url":"https:\/\/www.magan.at\/blick-in-den-stadtteil-dresden-innere-altstadt\/","name":"Blick in den Stadtteil: Dresden \u2013 Innere Altstadt - Magan","isPartOf":{"@id":"https:\/\/www.magan.at\/#website"},"primaryImageOfPage":{"@id":"https:\/\/www.magan.at\/blick-in-den-stadtteil-dresden-innere-altstadt\/#primaryimage"},"image":{"@id":"https:\/\/www.magan.at\/blick-in-den-stadtteil-dresden-innere-altstadt\/#primaryimage"},"thumbnailUrl":"https:\/\/www.magan.at\/wp-content\/uploads\/2022\/10\/Bilck-in-die-Dresdner-Altstadt-1110x550-1.jpeg","datePublished":"2017-07-14T18:13:00+00:00","dateModified":"2022-10-10T18:14:22+00:00","breadcrumb":{"@id":"https:\/\/www.magan.at\/blick-in-den-stadtteil-dresden-innere-altstadt\/#breadcrumb"},"inLanguage":"en-US","potentialAction":[{"@type":"ReadAction","target":["https:\/\/www.magan.at\/blick-in-den-stadtteil-dresden-innere-altstadt\/"]}]},{"@type":"ImageObject","inLanguage":"en-US","@id":"https:\/\/www.magan.at\/blick-in-den-stadtteil-dresden-innere-altstadt\/#primaryimage","url":"https:\/\/www.magan.at\/wp-content\/uploads\/2022\/10\/Bilck-in-die-Dresdner-Altstadt-1110x550-1.jpeg","contentUrl":"https:\/\/www.magan.at\/wp-content\/uploads\/2022\/10\/Bilck-in-die-Dresdner-Altstadt-1110x550-1.jpeg","width":1110,"height":550},{"@type":"BreadcrumbList","@id":"https:\/\/www.magan.at\/blick-in-den-stadtteil-dresden-innere-altstadt\/#breadcrumb","itemListElement":[{"@type":"ListItem","position":1,"name":"Home","item":"https:\/\/www.magan.at\/en\/"},{"@type":"ListItem","position":2,"name":"Blick in den Stadtteil: Dresden \u2013 Innere Altstadt"}]},{"@type":"WebSite","@id":"https:\/\/www.magan.at\/#website","url":"https:\/\/www.magan.at\/","name":"Magan","description":"EUROPEAN REAL ESTATE  INVESTMENTS CHARTERED SURVEYORS","publisher":{"@id":"https:\/\/www.magan.at\/#organization"},"potentialAction":[{"@type":"SearchAction","target":{"@type":"EntryPoint","urlTemplate":"https:\/\/www.magan.at\/?s={search_term_string}"},"query-input":{"@type":"PropertyValueSpecification","valueRequired":true,"valueName":"search_term_string"}}],"inLanguage":"en-US"},{"@type":"Organization","@id":"https:\/\/www.magan.at\/#organization","name":"Magan","url":"https:\/\/www.magan.at\/","logo":{"@type":"ImageObject","inLanguage":"en-US","@id":"https:\/\/www.magan.at\/#\/schema\/logo\/image\/","url":"https:\/\/www.magan.at\/wp-content\/uploads\/2022\/05\/maganlogo-.png","contentUrl":"https:\/\/www.magan.at\/wp-content\/uploads\/2022\/05\/maganlogo-.png","width":350,"height":95,"caption":"Magan"},"image":{"@id":"https:\/\/www.magan.at\/#\/schema\/logo\/image\/"}},{"@type":"Person","@id":"https:\/\/www.magan.at\/#\/schema\/person\/440debfbf57664075b938d0ce0458429","name":"b2","image":{"@type":"ImageObject","inLanguage":"en-US","@id":"https:\/\/secure.gravatar.com\/avatar\/4c1e4e0eb4c45153be59392b78487e72287b0bd2d5d918ddbbd4d253efd0a0d9?s=96&d=mm&r=g","url":"https:\/\/secure.gravatar.com\/avatar\/4c1e4e0eb4c45153be59392b78487e72287b0bd2d5d918ddbbd4d253efd0a0d9?s=96&d=mm&r=g","contentUrl":"https:\/\/secure.gravatar.com\/avatar\/4c1e4e0eb4c45153be59392b78487e72287b0bd2d5d918ddbbd4d253efd0a0d9?s=96&d=mm&r=g","caption":"b2"},"url":"https:\/\/www.magan.at\/en\/author\/b2\/"}]}},"_links":{"self":[{"href":"https:\/\/www.magan.at\/en\/wp-json\/wp\/v2\/posts\/8468","targetHints":{"allow":["GET"]}}],"collection":[{"href":"https:\/\/www.magan.at\/en\/wp-json\/wp\/v2\/posts"}],"about":[{"href":"https:\/\/www.magan.at\/en\/wp-json\/wp\/v2\/types\/post"}],"author":[{"embeddable":true,"href":"https:\/\/www.magan.at\/en\/wp-json\/wp\/v2\/users\/5"}],"replies":[{"embeddable":true,"href":"https:\/\/www.magan.at\/en\/wp-json\/wp\/v2\/comments?post=8468"}],"version-history":[{"count":0,"href":"https:\/\/www.magan.at\/en\/wp-json\/wp\/v2\/posts\/8468\/revisions"}],"wp:featuredmedia":[{"embeddable":true,"href":"https:\/\/www.magan.at\/en\/wp-json\/wp\/v2\/media\/8469"}],"wp:attachment":[{"href":"https:\/\/www.magan.at\/en\/wp-json\/wp\/v2\/media?parent=8468"}],"wp:term":[{"taxonomy":"category","embeddable":true,"href":"https:\/\/www.magan.at\/en\/wp-json\/wp\/v2\/categories?post=8468"},{"taxonomy":"post_tag","embeddable":true,"href":"https:\/\/www.magan.at\/en\/wp-json\/wp\/v2\/tags?post=8468"}],"curies":[{"name":"wp","href":"https:\/\/api.w.org\/{rel}","templated":true}]}}