{"id":8517,"date":"2021-01-19T18:51:00","date_gmt":"2021-01-19T18:51:00","guid":{"rendered":"https:\/\/www.magan.at\/?p=8517"},"modified":"2022-10-10T18:54:45","modified_gmt":"2022-10-10T18:54:45","slug":"suburbanisierung-als-langfristiger-trend","status":"publish","type":"post","link":"https:\/\/www.magan.at\/en\/suburbanisierung-als-langfristiger-trend\/","title":{"rendered":"Suburbanisierung als langfristiger Trend"},"content":{"rendered":"\n<p>Infolge von Corona hat sich das eigene Zuhause noch st\u00e4rker zum Lebensmittelpunkt und Hauptaufenthaltsort f\u00fcr die ganze Familie entwickelt. Die Kontakt- und Reisebeschr\u00e4nkungen haben das Privatleben und den Arbeitsalltag vieler Menschen vermehrt ins Homeoffice verlagert. Der Wunsch nach mehr Raum, Freifl\u00e4chen und Natur ist in den letzten Monaten stark gewachsen. Zugenommen hat dadurch der Zuzug in l\u00e4ndlichen Regionen, die sich im Einzugsgebiet der Gro\u00dfst\u00e4dte befinden. Diese Standorte bieten vor allem Familien und Berufst\u00e4tigen mit flexiblen Arbeitsmodellen eine interessante Alternative.<\/p>\n\n\n\n<p>Ausschlaggebend f\u00fcr den Trend zur Landflucht sind in vielen Regionen nat\u00fcrlich auch die moderaten Preise im Gegensatz zu den St\u00e4dten. Die Entwicklung zeigt bereits Wirkung. Laut Engel &amp; V\u00f6lkers haben von 2015 bis 2020 die Angebotspreise der Umlandgemeinden im Durchschnitt um 57,8 Prozent angezogen. Die Angebotspreise der Top-sieben-St\u00e4dte haben sich hingegen um 43,9 Prozent erh\u00f6ht. Dieser Prozess setzte sich letztes Jahr fort. Die Immobilienpreise in dichter besiedelten l\u00e4ndlichen Kreisen stiegen im Corona-Krisenjahr um 8,9 Prozent. In deutschen Metropolen legten die Preise zwar auch zu, mit einem Plus von 6,5 Prozent allerdings deutlich geringer. Kleinst\u00e4dte im Umfeld der Ballungszentren erweisen sich nicht nur als aufstrebende Wohnstandorte, sondern sind auch f\u00fcr Investoren interessant.<\/p>\n\n\n\n<p>Weiterf\u00fchrender Link:<\/p>\n\n\n\n<p><a href=\"https:\/\/www.zeit.de\/wirtschaft\/2020-12\/wohnungsmarkt-mieten-druck-metropolen-umland-corona-pandemie?utm_referrer=https%3A%2F%2Fwww.magan.at%2F\">https:\/\/www.zeit.de\/wirtschaft\/2020-12\/wohnungsmarkt-mieten-druck-metropolen-umland-corona-pandemie?utm_referrer=https%3A%2F%2Fwww.magan.at%2F<\/a><\/p>\n\n\n\n<p><\/p>\n","protected":false},"excerpt":{"rendered":"<p>Infolge von Corona hat sich das eigene Zuhause noch st\u00e4rker zum Lebensmittelpunkt und Hauptaufenthaltsort f\u00fcr die ganze Familie entwickelt. Die Kontakt- und Reisebeschr\u00e4nkungen haben das Privatleben und den Arbeitsalltag vieler Menschen vermehrt ins Homeoffice verlagert. Der Wunsch nach mehr Raum, Freifl\u00e4chen und Natur ist in den letzten Monaten stark gewachsen. Zugenommen hat dadurch der Zuzug [&hellip;]<\/p>\n","protected":false},"author":5,"featured_media":8518,"comment_status":"open","ping_status":"open","sticky":false,"template":"","format":"standard","meta":{"_acf_changed":false,"inline_featured_image":false,"footnotes":""},"categories":[206],"tags":[],"class_list":["post-8517","post","type-post","status-publish","format-standard","has-post-thumbnail","hentry","category-deutschland-allgemein"],"acf":[],"yoast_head":"<!-- This site is optimized with the Yoast SEO plugin v27.4 - https:\/\/yoast.com\/product\/yoast-seo-wordpress\/ -->\n<title>Suburbanisierung als langfristiger Trend - Magan<\/title>\n<meta name=\"robots\" content=\"index, follow, max-snippet:-1, max-image-preview:large, max-video-preview:-1\" \/>\n<link rel=\"canonical\" href=\"https:\/\/www.magan.at\/suburbanisierung-als-langfristiger-trend\/\" \/>\n<meta property=\"og:locale\" content=\"en_US\" \/>\n<meta property=\"og:type\" content=\"article\" \/>\n<meta property=\"og:title\" content=\"Suburbanisierung als langfristiger Trend - Magan\" \/>\n<meta property=\"og:description\" content=\"Infolge von Corona hat sich das eigene Zuhause noch st\u00e4rker zum Lebensmittelpunkt und Hauptaufenthaltsort f\u00fcr die ganze Familie entwickelt. Die Kontakt- und Reisebeschr\u00e4nkungen haben das Privatleben und den Arbeitsalltag vieler Menschen vermehrt ins Homeoffice verlagert. Der Wunsch nach mehr Raum, Freifl\u00e4chen und Natur ist in den letzten Monaten stark gewachsen. Zugenommen hat dadurch der Zuzug [&hellip;]\" \/>\n<meta property=\"og:url\" content=\"https:\/\/www.magan.at\/suburbanisierung-als-langfristiger-trend\/\" \/>\n<meta property=\"og:site_name\" content=\"Magan\" \/>\n<meta property=\"article:published_time\" content=\"2021-01-19T18:51:00+00:00\" \/>\n<meta property=\"article:modified_time\" content=\"2022-10-10T18:54:45+00:00\" \/>\n<meta property=\"og:image\" content=\"https:\/\/www.magan.at\/wp-content\/uploads\/2022\/10\/ibrahim-rifath-wj6Qz24kwUA-unsplash-1110x550-1.jpeg\" \/>\n\t<meta property=\"og:image:width\" content=\"1110\" \/>\n\t<meta property=\"og:image:height\" content=\"550\" \/>\n\t<meta property=\"og:image:type\" content=\"image\/jpeg\" \/>\n<meta name=\"author\" content=\"b2\" \/>\n<meta name=\"twitter:card\" content=\"summary_large_image\" \/>\n<meta name=\"twitter:label1\" content=\"Written by\" \/>\n\t<meta name=\"twitter:data1\" content=\"b2\" \/>\n\t<meta name=\"twitter:label2\" content=\"Est. reading time\" \/>\n\t<meta name=\"twitter:data2\" content=\"1 minute\" \/>\n<script type=\"application\/ld+json\" class=\"yoast-schema-graph\">{\"@context\":\"https:\\\/\\\/schema.org\",\"@graph\":[{\"@type\":\"Article\",\"@id\":\"https:\\\/\\\/www.magan.at\\\/suburbanisierung-als-langfristiger-trend\\\/#article\",\"isPartOf\":{\"@id\":\"https:\\\/\\\/www.magan.at\\\/suburbanisierung-als-langfristiger-trend\\\/\"},\"author\":{\"name\":\"b2\",\"@id\":\"https:\\\/\\\/www.magan.at\\\/#\\\/schema\\\/person\\\/440debfbf57664075b938d0ce0458429\"},\"headline\":\"Suburbanisierung als langfristiger Trend\",\"datePublished\":\"2021-01-19T18:51:00+00:00\",\"dateModified\":\"2022-10-10T18:54:45+00:00\",\"mainEntityOfPage\":{\"@id\":\"https:\\\/\\\/www.magan.at\\\/suburbanisierung-als-langfristiger-trend\\\/\"},\"wordCount\":224,\"commentCount\":0,\"publisher\":{\"@id\":\"https:\\\/\\\/www.magan.at\\\/#organization\"},\"image\":{\"@id\":\"https:\\\/\\\/www.magan.at\\\/suburbanisierung-als-langfristiger-trend\\\/#primaryimage\"},\"thumbnailUrl\":\"https:\\\/\\\/www.magan.at\\\/wp-content\\\/uploads\\\/2022\\\/10\\\/ibrahim-rifath-wj6Qz24kwUA-unsplash-1110x550-1.jpeg\",\"articleSection\":[\"Deutschland Allgemein\"],\"inLanguage\":\"en-US\",\"potentialAction\":[{\"@type\":\"CommentAction\",\"name\":\"Comment\",\"target\":[\"https:\\\/\\\/www.magan.at\\\/suburbanisierung-als-langfristiger-trend\\\/#respond\"]}]},{\"@type\":\"WebPage\",\"@id\":\"https:\\\/\\\/www.magan.at\\\/suburbanisierung-als-langfristiger-trend\\\/\",\"url\":\"https:\\\/\\\/www.magan.at\\\/suburbanisierung-als-langfristiger-trend\\\/\",\"name\":\"Suburbanisierung als langfristiger Trend - Magan\",\"isPartOf\":{\"@id\":\"https:\\\/\\\/www.magan.at\\\/#website\"},\"primaryImageOfPage\":{\"@id\":\"https:\\\/\\\/www.magan.at\\\/suburbanisierung-als-langfristiger-trend\\\/#primaryimage\"},\"image\":{\"@id\":\"https:\\\/\\\/www.magan.at\\\/suburbanisierung-als-langfristiger-trend\\\/#primaryimage\"},\"thumbnailUrl\":\"https:\\\/\\\/www.magan.at\\\/wp-content\\\/uploads\\\/2022\\\/10\\\/ibrahim-rifath-wj6Qz24kwUA-unsplash-1110x550-1.jpeg\",\"datePublished\":\"2021-01-19T18:51:00+00:00\",\"dateModified\":\"2022-10-10T18:54:45+00:00\",\"breadcrumb\":{\"@id\":\"https:\\\/\\\/www.magan.at\\\/suburbanisierung-als-langfristiger-trend\\\/#breadcrumb\"},\"inLanguage\":\"en-US\",\"potentialAction\":[{\"@type\":\"ReadAction\",\"target\":[\"https:\\\/\\\/www.magan.at\\\/suburbanisierung-als-langfristiger-trend\\\/\"]}]},{\"@type\":\"ImageObject\",\"inLanguage\":\"en-US\",\"@id\":\"https:\\\/\\\/www.magan.at\\\/suburbanisierung-als-langfristiger-trend\\\/#primaryimage\",\"url\":\"https:\\\/\\\/www.magan.at\\\/wp-content\\\/uploads\\\/2022\\\/10\\\/ibrahim-rifath-wj6Qz24kwUA-unsplash-1110x550-1.jpeg\",\"contentUrl\":\"https:\\\/\\\/www.magan.at\\\/wp-content\\\/uploads\\\/2022\\\/10\\\/ibrahim-rifath-wj6Qz24kwUA-unsplash-1110x550-1.jpeg\",\"width\":1110,\"height\":550},{\"@type\":\"BreadcrumbList\",\"@id\":\"https:\\\/\\\/www.magan.at\\\/suburbanisierung-als-langfristiger-trend\\\/#breadcrumb\",\"itemListElement\":[{\"@type\":\"ListItem\",\"position\":1,\"name\":\"Home\",\"item\":\"https:\\\/\\\/www.magan.at\\\/en\\\/\"},{\"@type\":\"ListItem\",\"position\":2,\"name\":\"Suburbanisierung als langfristiger Trend\"}]},{\"@type\":\"WebSite\",\"@id\":\"https:\\\/\\\/www.magan.at\\\/#website\",\"url\":\"https:\\\/\\\/www.magan.at\\\/\",\"name\":\"Magan\",\"description\":\"EUROPEAN REAL ESTATE  INVESTMENTS CHARTERED SURVEYORS\",\"publisher\":{\"@id\":\"https:\\\/\\\/www.magan.at\\\/#organization\"},\"potentialAction\":[{\"@type\":\"SearchAction\",\"target\":{\"@type\":\"EntryPoint\",\"urlTemplate\":\"https:\\\/\\\/www.magan.at\\\/?s={search_term_string}\"},\"query-input\":{\"@type\":\"PropertyValueSpecification\",\"valueRequired\":true,\"valueName\":\"search_term_string\"}}],\"inLanguage\":\"en-US\"},{\"@type\":\"Organization\",\"@id\":\"https:\\\/\\\/www.magan.at\\\/#organization\",\"name\":\"Magan\",\"url\":\"https:\\\/\\\/www.magan.at\\\/\",\"logo\":{\"@type\":\"ImageObject\",\"inLanguage\":\"en-US\",\"@id\":\"https:\\\/\\\/www.magan.at\\\/#\\\/schema\\\/logo\\\/image\\\/\",\"url\":\"https:\\\/\\\/www.magan.at\\\/wp-content\\\/uploads\\\/2022\\\/05\\\/maganlogo-.png\",\"contentUrl\":\"https:\\\/\\\/www.magan.at\\\/wp-content\\\/uploads\\\/2022\\\/05\\\/maganlogo-.png\",\"width\":350,\"height\":95,\"caption\":\"Magan\"},\"image\":{\"@id\":\"https:\\\/\\\/www.magan.at\\\/#\\\/schema\\\/logo\\\/image\\\/\"}},{\"@type\":\"Person\",\"@id\":\"https:\\\/\\\/www.magan.at\\\/#\\\/schema\\\/person\\\/440debfbf57664075b938d0ce0458429\",\"name\":\"b2\",\"image\":{\"@type\":\"ImageObject\",\"inLanguage\":\"en-US\",\"@id\":\"https:\\\/\\\/secure.gravatar.com\\\/avatar\\\/4c1e4e0eb4c45153be59392b78487e72287b0bd2d5d918ddbbd4d253efd0a0d9?s=96&d=mm&r=g\",\"url\":\"https:\\\/\\\/secure.gravatar.com\\\/avatar\\\/4c1e4e0eb4c45153be59392b78487e72287b0bd2d5d918ddbbd4d253efd0a0d9?s=96&d=mm&r=g\",\"contentUrl\":\"https:\\\/\\\/secure.gravatar.com\\\/avatar\\\/4c1e4e0eb4c45153be59392b78487e72287b0bd2d5d918ddbbd4d253efd0a0d9?s=96&d=mm&r=g\",\"caption\":\"b2\"},\"url\":\"https:\\\/\\\/www.magan.at\\\/en\\\/author\\\/b2\\\/\"}]}<\/script>\n<!-- \/ Yoast SEO plugin. -->","yoast_head_json":{"title":"Suburbanisierung als langfristiger Trend - Magan","robots":{"index":"index","follow":"follow","max-snippet":"max-snippet:-1","max-image-preview":"max-image-preview:large","max-video-preview":"max-video-preview:-1"},"canonical":"https:\/\/www.magan.at\/suburbanisierung-als-langfristiger-trend\/","og_locale":"en_US","og_type":"article","og_title":"Suburbanisierung als langfristiger Trend - Magan","og_description":"Infolge von Corona hat sich das eigene Zuhause noch st\u00e4rker zum Lebensmittelpunkt und Hauptaufenthaltsort f\u00fcr die ganze Familie entwickelt. Die Kontakt- und Reisebeschr\u00e4nkungen haben das Privatleben und den Arbeitsalltag vieler Menschen vermehrt ins Homeoffice verlagert. Der Wunsch nach mehr Raum, Freifl\u00e4chen und Natur ist in den letzten Monaten stark gewachsen. Zugenommen hat dadurch der Zuzug [&hellip;]","og_url":"https:\/\/www.magan.at\/suburbanisierung-als-langfristiger-trend\/","og_site_name":"Magan","article_published_time":"2021-01-19T18:51:00+00:00","article_modified_time":"2022-10-10T18:54:45+00:00","og_image":[{"width":1110,"height":550,"url":"https:\/\/www.magan.at\/wp-content\/uploads\/2022\/10\/ibrahim-rifath-wj6Qz24kwUA-unsplash-1110x550-1.jpeg","type":"image\/jpeg"}],"author":"b2","twitter_card":"summary_large_image","twitter_misc":{"Written by":"b2","Est. reading time":"1 minute"},"schema":{"@context":"https:\/\/schema.org","@graph":[{"@type":"Article","@id":"https:\/\/www.magan.at\/suburbanisierung-als-langfristiger-trend\/#article","isPartOf":{"@id":"https:\/\/www.magan.at\/suburbanisierung-als-langfristiger-trend\/"},"author":{"name":"b2","@id":"https:\/\/www.magan.at\/#\/schema\/person\/440debfbf57664075b938d0ce0458429"},"headline":"Suburbanisierung als langfristiger Trend","datePublished":"2021-01-19T18:51:00+00:00","dateModified":"2022-10-10T18:54:45+00:00","mainEntityOfPage":{"@id":"https:\/\/www.magan.at\/suburbanisierung-als-langfristiger-trend\/"},"wordCount":224,"commentCount":0,"publisher":{"@id":"https:\/\/www.magan.at\/#organization"},"image":{"@id":"https:\/\/www.magan.at\/suburbanisierung-als-langfristiger-trend\/#primaryimage"},"thumbnailUrl":"https:\/\/www.magan.at\/wp-content\/uploads\/2022\/10\/ibrahim-rifath-wj6Qz24kwUA-unsplash-1110x550-1.jpeg","articleSection":["Deutschland Allgemein"],"inLanguage":"en-US","potentialAction":[{"@type":"CommentAction","name":"Comment","target":["https:\/\/www.magan.at\/suburbanisierung-als-langfristiger-trend\/#respond"]}]},{"@type":"WebPage","@id":"https:\/\/www.magan.at\/suburbanisierung-als-langfristiger-trend\/","url":"https:\/\/www.magan.at\/suburbanisierung-als-langfristiger-trend\/","name":"Suburbanisierung als langfristiger Trend - Magan","isPartOf":{"@id":"https:\/\/www.magan.at\/#website"},"primaryImageOfPage":{"@id":"https:\/\/www.magan.at\/suburbanisierung-als-langfristiger-trend\/#primaryimage"},"image":{"@id":"https:\/\/www.magan.at\/suburbanisierung-als-langfristiger-trend\/#primaryimage"},"thumbnailUrl":"https:\/\/www.magan.at\/wp-content\/uploads\/2022\/10\/ibrahim-rifath-wj6Qz24kwUA-unsplash-1110x550-1.jpeg","datePublished":"2021-01-19T18:51:00+00:00","dateModified":"2022-10-10T18:54:45+00:00","breadcrumb":{"@id":"https:\/\/www.magan.at\/suburbanisierung-als-langfristiger-trend\/#breadcrumb"},"inLanguage":"en-US","potentialAction":[{"@type":"ReadAction","target":["https:\/\/www.magan.at\/suburbanisierung-als-langfristiger-trend\/"]}]},{"@type":"ImageObject","inLanguage":"en-US","@id":"https:\/\/www.magan.at\/suburbanisierung-als-langfristiger-trend\/#primaryimage","url":"https:\/\/www.magan.at\/wp-content\/uploads\/2022\/10\/ibrahim-rifath-wj6Qz24kwUA-unsplash-1110x550-1.jpeg","contentUrl":"https:\/\/www.magan.at\/wp-content\/uploads\/2022\/10\/ibrahim-rifath-wj6Qz24kwUA-unsplash-1110x550-1.jpeg","width":1110,"height":550},{"@type":"BreadcrumbList","@id":"https:\/\/www.magan.at\/suburbanisierung-als-langfristiger-trend\/#breadcrumb","itemListElement":[{"@type":"ListItem","position":1,"name":"Home","item":"https:\/\/www.magan.at\/en\/"},{"@type":"ListItem","position":2,"name":"Suburbanisierung als langfristiger Trend"}]},{"@type":"WebSite","@id":"https:\/\/www.magan.at\/#website","url":"https:\/\/www.magan.at\/","name":"Magan","description":"EUROPEAN REAL ESTATE  INVESTMENTS CHARTERED SURVEYORS","publisher":{"@id":"https:\/\/www.magan.at\/#organization"},"potentialAction":[{"@type":"SearchAction","target":{"@type":"EntryPoint","urlTemplate":"https:\/\/www.magan.at\/?s={search_term_string}"},"query-input":{"@type":"PropertyValueSpecification","valueRequired":true,"valueName":"search_term_string"}}],"inLanguage":"en-US"},{"@type":"Organization","@id":"https:\/\/www.magan.at\/#organization","name":"Magan","url":"https:\/\/www.magan.at\/","logo":{"@type":"ImageObject","inLanguage":"en-US","@id":"https:\/\/www.magan.at\/#\/schema\/logo\/image\/","url":"https:\/\/www.magan.at\/wp-content\/uploads\/2022\/05\/maganlogo-.png","contentUrl":"https:\/\/www.magan.at\/wp-content\/uploads\/2022\/05\/maganlogo-.png","width":350,"height":95,"caption":"Magan"},"image":{"@id":"https:\/\/www.magan.at\/#\/schema\/logo\/image\/"}},{"@type":"Person","@id":"https:\/\/www.magan.at\/#\/schema\/person\/440debfbf57664075b938d0ce0458429","name":"b2","image":{"@type":"ImageObject","inLanguage":"en-US","@id":"https:\/\/secure.gravatar.com\/avatar\/4c1e4e0eb4c45153be59392b78487e72287b0bd2d5d918ddbbd4d253efd0a0d9?s=96&d=mm&r=g","url":"https:\/\/secure.gravatar.com\/avatar\/4c1e4e0eb4c45153be59392b78487e72287b0bd2d5d918ddbbd4d253efd0a0d9?s=96&d=mm&r=g","contentUrl":"https:\/\/secure.gravatar.com\/avatar\/4c1e4e0eb4c45153be59392b78487e72287b0bd2d5d918ddbbd4d253efd0a0d9?s=96&d=mm&r=g","caption":"b2"},"url":"https:\/\/www.magan.at\/en\/author\/b2\/"}]}},"_links":{"self":[{"href":"https:\/\/www.magan.at\/en\/wp-json\/wp\/v2\/posts\/8517","targetHints":{"allow":["GET"]}}],"collection":[{"href":"https:\/\/www.magan.at\/en\/wp-json\/wp\/v2\/posts"}],"about":[{"href":"https:\/\/www.magan.at\/en\/wp-json\/wp\/v2\/types\/post"}],"author":[{"embeddable":true,"href":"https:\/\/www.magan.at\/en\/wp-json\/wp\/v2\/users\/5"}],"replies":[{"embeddable":true,"href":"https:\/\/www.magan.at\/en\/wp-json\/wp\/v2\/comments?post=8517"}],"version-history":[{"count":0,"href":"https:\/\/www.magan.at\/en\/wp-json\/wp\/v2\/posts\/8517\/revisions"}],"wp:featuredmedia":[{"embeddable":true,"href":"https:\/\/www.magan.at\/en\/wp-json\/wp\/v2\/media\/8518"}],"wp:attachment":[{"href":"https:\/\/www.magan.at\/en\/wp-json\/wp\/v2\/media?parent=8517"}],"wp:term":[{"taxonomy":"category","embeddable":true,"href":"https:\/\/www.magan.at\/en\/wp-json\/wp\/v2\/categories?post=8517"},{"taxonomy":"post_tag","embeddable":true,"href":"https:\/\/www.magan.at\/en\/wp-json\/wp\/v2\/tags?post=8517"}],"curies":[{"name":"wp","href":"https:\/\/api.w.org\/{rel}","templated":true}]}}