{"id":8870,"date":"2017-11-15T10:45:00","date_gmt":"2017-11-15T10:45:00","guid":{"rendered":"https:\/\/www.magan.at\/?p=8870"},"modified":"2022-10-11T10:47:03","modified_gmt":"2022-10-11T10:47:03","slug":"landgericht-berlin-haelt-mietpreisbremse-fuer-verfassungswidrig","status":"publish","type":"post","link":"https:\/\/www.magan.at\/en\/landgericht-berlin-haelt-mietpreisbremse-fuer-verfassungswidrig\/","title":{"rendered":"Landgericht Berlin h\u00e4lt Mietpreisbremse f\u00fcr verfassungswidrig"},"content":{"rendered":"\n<p>Die \u201eungleiche Behandlung von Mietern\u201c ist laut dem Landgericht in Berlin der Grund, warum die Mietpreisbremse verfassungswidrig ist. W\u00e4hrend der ZIA und der Vermieterverband Haus &amp; Grund den Richterspruch begr\u00fc\u00dfen, betont der Deutsche Mieterbund, dass das Landgericht lediglich seine Rechtsansicht ge\u00e4u\u00dfert habe. Konsequenzen habe das nicht, denn nur das Bundesverfassungsgericht k\u00f6nne die Mietpreisbremse f\u00fcr verfassungswidrig erkl\u00e4ren, nicht ein Landgericht. Damit ist das Drama \u201eMietpreisbremse\u201c um einen Akt reicher.<\/p>\n\n\n\n<p>Weiterf\u00fchrender Link:<\/p>\n\n\n\n<p><a href=\"https:\/\/www.welt.de\/politik\/deutschland\/article168805818\/Landgericht-haelt-Mietpreisbremse-fuer-verfassungswidrig.html\">https:\/\/www.welt.de\/politik\/deutschland\/article168805818\/Landgericht-haelt-Mietpreisbremse-fuer-verfassungswidrig.html<\/a><\/p>\n","protected":false},"excerpt":{"rendered":"<p>Die \u201eungleiche Behandlung von Mietern\u201c ist laut dem Landgericht in Berlin der Grund, warum die Mietpreisbremse verfassungswidrig ist. W\u00e4hrend der ZIA und der Vermieterverband Haus &amp; Grund den Richterspruch begr\u00fc\u00dfen, betont der Deutsche Mieterbund, dass das Landgericht lediglich seine Rechtsansicht ge\u00e4u\u00dfert habe. Konsequenzen habe das nicht, denn nur das Bundesverfassungsgericht k\u00f6nne die Mietpreisbremse f\u00fcr verfassungswidrig [&hellip;]<\/p>\n","protected":false},"author":5,"featured_media":0,"comment_status":"open","ping_status":"open","sticky":false,"template":"","format":"standard","meta":{"_acf_changed":false,"inline_featured_image":false,"footnotes":""},"categories":[224],"tags":[],"class_list":["post-8870","post","type-post","status-publish","format-standard","hentry","category-investmentfakten-deutschland"],"acf":[],"yoast_head":"<!-- This site is optimized with the Yoast SEO plugin v27.4 - https:\/\/yoast.com\/product\/yoast-seo-wordpress\/ -->\n<title>Landgericht Berlin h\u00e4lt Mietpreisbremse f\u00fcr verfassungswidrig - Magan<\/title>\n<meta name=\"robots\" content=\"index, follow, max-snippet:-1, max-image-preview:large, max-video-preview:-1\" \/>\n<link rel=\"canonical\" href=\"https:\/\/www.magan.at\/landgericht-berlin-haelt-mietpreisbremse-fuer-verfassungswidrig\/\" \/>\n<meta property=\"og:locale\" content=\"en_US\" \/>\n<meta property=\"og:type\" content=\"article\" \/>\n<meta property=\"og:title\" content=\"Landgericht Berlin h\u00e4lt Mietpreisbremse f\u00fcr verfassungswidrig - Magan\" \/>\n<meta property=\"og:description\" content=\"Die \u201eungleiche Behandlung von Mietern\u201c ist laut dem Landgericht in Berlin der Grund, warum die Mietpreisbremse verfassungswidrig ist. W\u00e4hrend der ZIA und der Vermieterverband Haus &amp; Grund den Richterspruch begr\u00fc\u00dfen, betont der Deutsche Mieterbund, dass das Landgericht lediglich seine Rechtsansicht ge\u00e4u\u00dfert habe. Konsequenzen habe das nicht, denn nur das Bundesverfassungsgericht k\u00f6nne die Mietpreisbremse f\u00fcr verfassungswidrig [&hellip;]\" \/>\n<meta property=\"og:url\" content=\"https:\/\/www.magan.at\/landgericht-berlin-haelt-mietpreisbremse-fuer-verfassungswidrig\/\" \/>\n<meta property=\"og:site_name\" content=\"Magan\" \/>\n<meta property=\"article:published_time\" content=\"2017-11-15T10:45:00+00:00\" \/>\n<meta property=\"article:modified_time\" content=\"2022-10-11T10:47:03+00:00\" \/>\n<meta name=\"author\" content=\"b2\" \/>\n<meta name=\"twitter:card\" content=\"summary_large_image\" \/>\n<meta name=\"twitter:label1\" content=\"Written by\" \/>\n\t<meta name=\"twitter:data1\" content=\"b2\" \/>\n<script type=\"application\/ld+json\" class=\"yoast-schema-graph\">{\"@context\":\"https:\\\/\\\/schema.org\",\"@graph\":[{\"@type\":\"Article\",\"@id\":\"https:\\\/\\\/www.magan.at\\\/landgericht-berlin-haelt-mietpreisbremse-fuer-verfassungswidrig\\\/#article\",\"isPartOf\":{\"@id\":\"https:\\\/\\\/www.magan.at\\\/landgericht-berlin-haelt-mietpreisbremse-fuer-verfassungswidrig\\\/\"},\"author\":{\"name\":\"b2\",\"@id\":\"https:\\\/\\\/www.magan.at\\\/#\\\/schema\\\/person\\\/440debfbf57664075b938d0ce0458429\"},\"headline\":\"Landgericht Berlin h\u00e4lt Mietpreisbremse f\u00fcr verfassungswidrig\",\"datePublished\":\"2017-11-15T10:45:00+00:00\",\"dateModified\":\"2022-10-11T10:47:03+00:00\",\"mainEntityOfPage\":{\"@id\":\"https:\\\/\\\/www.magan.at\\\/landgericht-berlin-haelt-mietpreisbremse-fuer-verfassungswidrig\\\/\"},\"wordCount\":95,\"commentCount\":0,\"publisher\":{\"@id\":\"https:\\\/\\\/www.magan.at\\\/#organization\"},\"articleSection\":[\"Investmentfakten Deutschland\"],\"inLanguage\":\"en-US\",\"potentialAction\":[{\"@type\":\"CommentAction\",\"name\":\"Comment\",\"target\":[\"https:\\\/\\\/www.magan.at\\\/landgericht-berlin-haelt-mietpreisbremse-fuer-verfassungswidrig\\\/#respond\"]}]},{\"@type\":\"WebPage\",\"@id\":\"https:\\\/\\\/www.magan.at\\\/landgericht-berlin-haelt-mietpreisbremse-fuer-verfassungswidrig\\\/\",\"url\":\"https:\\\/\\\/www.magan.at\\\/landgericht-berlin-haelt-mietpreisbremse-fuer-verfassungswidrig\\\/\",\"name\":\"Landgericht Berlin h\u00e4lt Mietpreisbremse f\u00fcr verfassungswidrig - Magan\",\"isPartOf\":{\"@id\":\"https:\\\/\\\/www.magan.at\\\/#website\"},\"datePublished\":\"2017-11-15T10:45:00+00:00\",\"dateModified\":\"2022-10-11T10:47:03+00:00\",\"breadcrumb\":{\"@id\":\"https:\\\/\\\/www.magan.at\\\/landgericht-berlin-haelt-mietpreisbremse-fuer-verfassungswidrig\\\/#breadcrumb\"},\"inLanguage\":\"en-US\",\"potentialAction\":[{\"@type\":\"ReadAction\",\"target\":[\"https:\\\/\\\/www.magan.at\\\/landgericht-berlin-haelt-mietpreisbremse-fuer-verfassungswidrig\\\/\"]}]},{\"@type\":\"BreadcrumbList\",\"@id\":\"https:\\\/\\\/www.magan.at\\\/landgericht-berlin-haelt-mietpreisbremse-fuer-verfassungswidrig\\\/#breadcrumb\",\"itemListElement\":[{\"@type\":\"ListItem\",\"position\":1,\"name\":\"Home\",\"item\":\"https:\\\/\\\/www.magan.at\\\/en\\\/\"},{\"@type\":\"ListItem\",\"position\":2,\"name\":\"Landgericht Berlin h\u00e4lt Mietpreisbremse f\u00fcr verfassungswidrig\"}]},{\"@type\":\"WebSite\",\"@id\":\"https:\\\/\\\/www.magan.at\\\/#website\",\"url\":\"https:\\\/\\\/www.magan.at\\\/\",\"name\":\"Magan\",\"description\":\"EUROPEAN REAL ESTATE  INVESTMENTS CHARTERED SURVEYORS\",\"publisher\":{\"@id\":\"https:\\\/\\\/www.magan.at\\\/#organization\"},\"potentialAction\":[{\"@type\":\"SearchAction\",\"target\":{\"@type\":\"EntryPoint\",\"urlTemplate\":\"https:\\\/\\\/www.magan.at\\\/?s={search_term_string}\"},\"query-input\":{\"@type\":\"PropertyValueSpecification\",\"valueRequired\":true,\"valueName\":\"search_term_string\"}}],\"inLanguage\":\"en-US\"},{\"@type\":\"Organization\",\"@id\":\"https:\\\/\\\/www.magan.at\\\/#organization\",\"name\":\"Magan\",\"url\":\"https:\\\/\\\/www.magan.at\\\/\",\"logo\":{\"@type\":\"ImageObject\",\"inLanguage\":\"en-US\",\"@id\":\"https:\\\/\\\/www.magan.at\\\/#\\\/schema\\\/logo\\\/image\\\/\",\"url\":\"https:\\\/\\\/www.magan.at\\\/wp-content\\\/uploads\\\/2022\\\/05\\\/maganlogo-.png\",\"contentUrl\":\"https:\\\/\\\/www.magan.at\\\/wp-content\\\/uploads\\\/2022\\\/05\\\/maganlogo-.png\",\"width\":350,\"height\":95,\"caption\":\"Magan\"},\"image\":{\"@id\":\"https:\\\/\\\/www.magan.at\\\/#\\\/schema\\\/logo\\\/image\\\/\"}},{\"@type\":\"Person\",\"@id\":\"https:\\\/\\\/www.magan.at\\\/#\\\/schema\\\/person\\\/440debfbf57664075b938d0ce0458429\",\"name\":\"b2\",\"image\":{\"@type\":\"ImageObject\",\"inLanguage\":\"en-US\",\"@id\":\"https:\\\/\\\/secure.gravatar.com\\\/avatar\\\/4c1e4e0eb4c45153be59392b78487e72287b0bd2d5d918ddbbd4d253efd0a0d9?s=96&d=mm&r=g\",\"url\":\"https:\\\/\\\/secure.gravatar.com\\\/avatar\\\/4c1e4e0eb4c45153be59392b78487e72287b0bd2d5d918ddbbd4d253efd0a0d9?s=96&d=mm&r=g\",\"contentUrl\":\"https:\\\/\\\/secure.gravatar.com\\\/avatar\\\/4c1e4e0eb4c45153be59392b78487e72287b0bd2d5d918ddbbd4d253efd0a0d9?s=96&d=mm&r=g\",\"caption\":\"b2\"},\"url\":\"https:\\\/\\\/www.magan.at\\\/en\\\/author\\\/b2\\\/\"}]}<\/script>\n<!-- \/ Yoast SEO plugin. -->","yoast_head_json":{"title":"Landgericht Berlin h\u00e4lt Mietpreisbremse f\u00fcr verfassungswidrig - Magan","robots":{"index":"index","follow":"follow","max-snippet":"max-snippet:-1","max-image-preview":"max-image-preview:large","max-video-preview":"max-video-preview:-1"},"canonical":"https:\/\/www.magan.at\/landgericht-berlin-haelt-mietpreisbremse-fuer-verfassungswidrig\/","og_locale":"en_US","og_type":"article","og_title":"Landgericht Berlin h\u00e4lt Mietpreisbremse f\u00fcr verfassungswidrig - Magan","og_description":"Die \u201eungleiche Behandlung von Mietern\u201c ist laut dem Landgericht in Berlin der Grund, warum die Mietpreisbremse verfassungswidrig ist. W\u00e4hrend der ZIA und der Vermieterverband Haus &amp; Grund den Richterspruch begr\u00fc\u00dfen, betont der Deutsche Mieterbund, dass das Landgericht lediglich seine Rechtsansicht ge\u00e4u\u00dfert habe. Konsequenzen habe das nicht, denn nur das Bundesverfassungsgericht k\u00f6nne die Mietpreisbremse f\u00fcr verfassungswidrig [&hellip;]","og_url":"https:\/\/www.magan.at\/landgericht-berlin-haelt-mietpreisbremse-fuer-verfassungswidrig\/","og_site_name":"Magan","article_published_time":"2017-11-15T10:45:00+00:00","article_modified_time":"2022-10-11T10:47:03+00:00","author":"b2","twitter_card":"summary_large_image","twitter_misc":{"Written by":"b2"},"schema":{"@context":"https:\/\/schema.org","@graph":[{"@type":"Article","@id":"https:\/\/www.magan.at\/landgericht-berlin-haelt-mietpreisbremse-fuer-verfassungswidrig\/#article","isPartOf":{"@id":"https:\/\/www.magan.at\/landgericht-berlin-haelt-mietpreisbremse-fuer-verfassungswidrig\/"},"author":{"name":"b2","@id":"https:\/\/www.magan.at\/#\/schema\/person\/440debfbf57664075b938d0ce0458429"},"headline":"Landgericht Berlin h\u00e4lt Mietpreisbremse f\u00fcr verfassungswidrig","datePublished":"2017-11-15T10:45:00+00:00","dateModified":"2022-10-11T10:47:03+00:00","mainEntityOfPage":{"@id":"https:\/\/www.magan.at\/landgericht-berlin-haelt-mietpreisbremse-fuer-verfassungswidrig\/"},"wordCount":95,"commentCount":0,"publisher":{"@id":"https:\/\/www.magan.at\/#organization"},"articleSection":["Investmentfakten Deutschland"],"inLanguage":"en-US","potentialAction":[{"@type":"CommentAction","name":"Comment","target":["https:\/\/www.magan.at\/landgericht-berlin-haelt-mietpreisbremse-fuer-verfassungswidrig\/#respond"]}]},{"@type":"WebPage","@id":"https:\/\/www.magan.at\/landgericht-berlin-haelt-mietpreisbremse-fuer-verfassungswidrig\/","url":"https:\/\/www.magan.at\/landgericht-berlin-haelt-mietpreisbremse-fuer-verfassungswidrig\/","name":"Landgericht Berlin h\u00e4lt Mietpreisbremse f\u00fcr verfassungswidrig - Magan","isPartOf":{"@id":"https:\/\/www.magan.at\/#website"},"datePublished":"2017-11-15T10:45:00+00:00","dateModified":"2022-10-11T10:47:03+00:00","breadcrumb":{"@id":"https:\/\/www.magan.at\/landgericht-berlin-haelt-mietpreisbremse-fuer-verfassungswidrig\/#breadcrumb"},"inLanguage":"en-US","potentialAction":[{"@type":"ReadAction","target":["https:\/\/www.magan.at\/landgericht-berlin-haelt-mietpreisbremse-fuer-verfassungswidrig\/"]}]},{"@type":"BreadcrumbList","@id":"https:\/\/www.magan.at\/landgericht-berlin-haelt-mietpreisbremse-fuer-verfassungswidrig\/#breadcrumb","itemListElement":[{"@type":"ListItem","position":1,"name":"Home","item":"https:\/\/www.magan.at\/en\/"},{"@type":"ListItem","position":2,"name":"Landgericht Berlin h\u00e4lt Mietpreisbremse f\u00fcr verfassungswidrig"}]},{"@type":"WebSite","@id":"https:\/\/www.magan.at\/#website","url":"https:\/\/www.magan.at\/","name":"Magan","description":"EUROPEAN REAL ESTATE  INVESTMENTS CHARTERED SURVEYORS","publisher":{"@id":"https:\/\/www.magan.at\/#organization"},"potentialAction":[{"@type":"SearchAction","target":{"@type":"EntryPoint","urlTemplate":"https:\/\/www.magan.at\/?s={search_term_string}"},"query-input":{"@type":"PropertyValueSpecification","valueRequired":true,"valueName":"search_term_string"}}],"inLanguage":"en-US"},{"@type":"Organization","@id":"https:\/\/www.magan.at\/#organization","name":"Magan","url":"https:\/\/www.magan.at\/","logo":{"@type":"ImageObject","inLanguage":"en-US","@id":"https:\/\/www.magan.at\/#\/schema\/logo\/image\/","url":"https:\/\/www.magan.at\/wp-content\/uploads\/2022\/05\/maganlogo-.png","contentUrl":"https:\/\/www.magan.at\/wp-content\/uploads\/2022\/05\/maganlogo-.png","width":350,"height":95,"caption":"Magan"},"image":{"@id":"https:\/\/www.magan.at\/#\/schema\/logo\/image\/"}},{"@type":"Person","@id":"https:\/\/www.magan.at\/#\/schema\/person\/440debfbf57664075b938d0ce0458429","name":"b2","image":{"@type":"ImageObject","inLanguage":"en-US","@id":"https:\/\/secure.gravatar.com\/avatar\/4c1e4e0eb4c45153be59392b78487e72287b0bd2d5d918ddbbd4d253efd0a0d9?s=96&d=mm&r=g","url":"https:\/\/secure.gravatar.com\/avatar\/4c1e4e0eb4c45153be59392b78487e72287b0bd2d5d918ddbbd4d253efd0a0d9?s=96&d=mm&r=g","contentUrl":"https:\/\/secure.gravatar.com\/avatar\/4c1e4e0eb4c45153be59392b78487e72287b0bd2d5d918ddbbd4d253efd0a0d9?s=96&d=mm&r=g","caption":"b2"},"url":"https:\/\/www.magan.at\/en\/author\/b2\/"}]}},"_links":{"self":[{"href":"https:\/\/www.magan.at\/en\/wp-json\/wp\/v2\/posts\/8870","targetHints":{"allow":["GET"]}}],"collection":[{"href":"https:\/\/www.magan.at\/en\/wp-json\/wp\/v2\/posts"}],"about":[{"href":"https:\/\/www.magan.at\/en\/wp-json\/wp\/v2\/types\/post"}],"author":[{"embeddable":true,"href":"https:\/\/www.magan.at\/en\/wp-json\/wp\/v2\/users\/5"}],"replies":[{"embeddable":true,"href":"https:\/\/www.magan.at\/en\/wp-json\/wp\/v2\/comments?post=8870"}],"version-history":[{"count":0,"href":"https:\/\/www.magan.at\/en\/wp-json\/wp\/v2\/posts\/8870\/revisions"}],"wp:attachment":[{"href":"https:\/\/www.magan.at\/en\/wp-json\/wp\/v2\/media?parent=8870"}],"wp:term":[{"taxonomy":"category","embeddable":true,"href":"https:\/\/www.magan.at\/en\/wp-json\/wp\/v2\/categories?post=8870"},{"taxonomy":"post_tag","embeddable":true,"href":"https:\/\/www.magan.at\/en\/wp-json\/wp\/v2\/tags?post=8870"}],"curies":[{"name":"wp","href":"https:\/\/api.w.org\/{rel}","templated":true}]}}